{"id":9,"date":"2012-11-11T17:06:45","date_gmt":"2012-11-11T16:06:45","guid":{"rendered":"https:\/\/adbled.si\/wp\/?p=9"},"modified":"2023-07-02T10:45:41","modified_gmt":"2023-07-02T08:45:41","slug":"rezultatitek1","status":"publish","type":"post","link":"https:\/\/adbled.si\/?p=9","title":{"rendered":"Jon \u0160tular &#8211; dr\u017eavni prvak na APS v mnogoboju"},"content":{"rendered":"<h4>Jon \u0160tular &#8211; dr\u017eavni prvak na APS v mnogoboju<\/h4>\n<p>&nbsp;<\/p>\n<p>Atleta Jon \u0160tular in \u017dan \u017diga Le\u0161njak sta se v nedeljo, 7. oktobra 2012, udele\u017eila Atletskega pokala Slovenije v mnogoboju. Atletsko tekmovanje je potekalo v Novi Gorici.<\/p>\n<p>Jon \u0160tular &#8211; U12 &#8211; je z odli\u010dnimi nastopi v vseh \u0161tirih disciplinah (60m, 300m, daljina in met vortexa) osvojil naslov dr\u017eavnega prvaka. V vseh disciplinah je dosegel najbolj\u0161i rezultat, \u0161e najbolj pa je odmeven tek na 60m metrov, v katerem je s \u010dasom 8,57s za tri stotinke zaostal za dr\u017eavnim rekordom. <\/p>\n<p>Odli\u010den uspeh je dopolnil \u017dan \u017diga Le\u0161njak, ki je v isti kategoriji osvojil osmo mesto.<\/p>\n<p>Vse ekipno sta mlada atleta Jon in \u017dan \u017diga zasedla odli\u010dno drugo mesto.<\/p>\n<p>Atletoma in trenerju \u010destitamo za fantasti\u010den uspeh! <br>Tako imamo na Bledu letos \u017ee dva dr\u017eavna prvaka v kategoriji U-12.<\/p>\n<p>\u0160portni pozdrav!<\/p>\n<p> AD Bled<\/p>\n\n\n<figure class=\"wp-block-image size-full\"><img loading=\"lazy\" decoding=\"async\" width=\"1023\" height=\"768\" src=\"https:\/\/adbled.si\/wp-content\/uploads\/2023\/07\/IMG_0992-1.jpg\" alt=\"\" class=\"wp-image-3501\" srcset=\"https:\/\/adbled.si\/wp-content\/uploads\/2023\/07\/IMG_0992-1.jpg 1023w, https:\/\/adbled.si\/wp-content\/uploads\/2023\/07\/IMG_0992-1-300x225.jpg 300w, https:\/\/adbled.si\/wp-content\/uploads\/2023\/07\/IMG_0992-1-768x577.jpg 768w\" sizes=\"auto, (max-width: 1023px) 100vw, 1023px\" \/><\/figure>\n","protected":false},"excerpt":{"rendered":"<p>Jon \u0160tular &#8211; dr\u017eavni prvak na APS v mnogoboju &nbsp; Atleta Jon \u0160tular in \u017dan \u017diga Le\u0161njak sta se v nedeljo, 7. oktobra 2012, udele\u017eila Atletskega pokala Slovenije v mnogoboju. Atletsko tekmovanje je potekalo v Novi Gorici. Jon \u0160tular &#8211; U12 &#8211; je z odli\u010dnimi nastopi v vseh \u0161tirih disciplinah (60m, 300m, daljina in met [&hellip;]<\/p>\n","protected":false},"author":6,"featured_media":0,"comment_status":"open","ping_status":"closed","sticky":false,"template":"","format":"standard","meta":{"footnotes":""},"categories":[6],"tags":[],"class_list":["post-9","post","type-post","status-publish","format-standard","hentry","category-katrezultatitekmovanj"],"_links":{"self":[{"href":"https:\/\/adbled.si\/index.php?rest_route=\/wp\/v2\/posts\/9","targetHints":{"allow":["GET"]}}],"collection":[{"href":"https:\/\/adbled.si\/index.php?rest_route=\/wp\/v2\/posts"}],"about":[{"href":"https:\/\/adbled.si\/index.php?rest_route=\/wp\/v2\/types\/post"}],"author":[{"embeddable":true,"href":"https:\/\/adbled.si\/index.php?rest_route=\/wp\/v2\/users\/6"}],"replies":[{"embeddable":true,"href":"https:\/\/adbled.si\/index.php?rest_route=%2Fwp%2Fv2%2Fcomments&post=9"}],"version-history":[{"count":1,"href":"https:\/\/adbled.si\/index.php?rest_route=\/wp\/v2\/posts\/9\/revisions"}],"predecessor-version":[{"id":3527,"href":"https:\/\/adbled.si\/index.php?rest_route=\/wp\/v2\/posts\/9\/revisions\/3527"}],"wp:attachment":[{"href":"https:\/\/adbled.si\/index.php?rest_route=%2Fwp%2Fv2%2Fmedia&parent=9"}],"wp:term":[{"taxonomy":"category","embeddable":true,"href":"https:\/\/adbled.si\/index.php?rest_route=%2Fwp%2Fv2%2Fcategories&post=9"},{"taxonomy":"post_tag","embeddable":true,"href":"https:\/\/adbled.si\/index.php?rest_route=%2Fwp%2Fv2%2Ftags&post=9"}],"curies":[{"name":"wp","href":"https:\/\/api.w.org\/{rel}","templated":true}]}}