{"id":80,"date":"2014-08-26T19:16:57","date_gmt":"2014-08-26T17:16:57","guid":{"rendered":"https:\/\/adbled.si\/wp\/?p=80"},"modified":"2014-08-26T19:16:57","modified_gmt":"2014-08-26T17:16:57","slug":"atleti-ad-bled-na-mednarodnem-mitingu-odprto-prvenstvo-gorenjske-radovljica-2014","status":"publish","type":"post","link":"https:\/\/adbled.si\/?p=80","title":{"rendered":"Atleti AD Bled na mednarodnem mitingu &#8220;Odprto prvenstvo Gorenjske &#8211; Radovljica 2014"},"content":{"rendered":"<h1>Atleti AD Bled na mednarodnem mitingu &#8220;Odprto prvenstvo Gorenjske Radovljica 2014&#8221;<\/h1>\n<p><br style=\"color: #222222; font-family: arial, sans-serif; line-height: normal; background-color: #ffffff;\" \/>Atletinji in atleti ATLETSKEGA DRU\u0160TVA BLED so se v soboto, 23. 8. 2014,<br style=\"color: #222222; font-family: arial, sans-serif; line-height: normal; background-color: #ffffff;\" \/>udele\u017eili atletskega mitinga &#8220;Odprto prvenstvo Gorenjske &#8211; Radovljica<br style=\"color: #222222; font-family: arial, sans-serif; line-height: normal; background-color: #ffffff;\" \/>2014&#8243;, v organizaciji AK Radovljica. Atletski miting je spadal v kategorijo<br style=\"color: #222222; font-family: arial, sans-serif; line-height: normal; background-color: #ffffff;\" \/>mednarodnega mitinga, saj so se atletskega tekmovanja udele\u017eili tudi<br style=\"color: #222222; font-family: arial, sans-serif; line-height: normal; background-color: #ffffff;\" \/>\u0161portniki iz Hrva\u0161ke in Avstrije.<br style=\"color: #222222; font-family: arial, sans-serif; line-height: normal; background-color: #ffffff;\" \/><br style=\"color: #222222; font-family: arial, sans-serif; line-height: normal; background-color: #ffffff;\" \/>Atletski miting v Radovljici je potekal v de\u017eevnem vremenu, kljub temu pa<br style=\"color: #222222; font-family: arial, sans-serif; line-height: normal; background-color: #ffffff;\" \/>so bili dose\u017eeni odli\u010dni rezultati &#8211; dr\u017eavni in osebni rekordi. V teku na<br style=\"color: #222222; font-family: arial, sans-serif; line-height: normal; background-color: #ffffff;\" \/>100m je mlaj\u0161a mladinka Le\u0161njak Ur\u0161a zasedla 4. mesto, pionirka U16 Lukanc<br style=\"color: #222222; font-family: arial, sans-serif; line-height: normal; background-color: #ffffff;\" \/>Nina pa 10. mesto na isti razdalji.<br style=\"color: #222222; font-family: arial, sans-serif; line-height: normal; background-color: #ffffff;\" \/><br style=\"color: #222222; font-family: arial, sans-serif; line-height: normal; background-color: #ffffff;\" \/>V kategoriji pionirji U14 smo imeli iz AD Bled kar tri predstavnike, ki so<br style=\"color: #222222; font-family: arial, sans-serif; line-height: normal; background-color: #ffffff;\" \/>upravi\u010dili vlogo favoritov. Pionir \u0160tular Jon je v teku na 60m s tekom pod<br style=\"color: #222222; font-family: arial, sans-serif; line-height: normal; background-color: #ffffff;\" \/>osmimi sekundami prepri\u010dljivo zasedel prvo mesto. Ekipni uspeh sta<br style=\"color: #222222; font-family: arial, sans-serif; line-height: normal; background-color: #ffffff;\" \/>dopolnila Grilc Jakob s tretjim in \u017dan \u017diga Le\u0161njak s \u010detrtim mestom.<br style=\"color: #222222; font-family: arial, sans-serif; line-height: normal; background-color: #ffffff;\" \/><br style=\"color: #222222; font-family: arial, sans-serif; line-height: normal; background-color: #ffffff;\" \/>Vsem tekmovalcem za borbeni nastop v te\u017ekih vremenskih razmerah \u010destitamo!<br style=\"color: #222222; font-family: arial, sans-serif; line-height: normal; background-color: #ffffff;\" \/><br style=\"color: #222222; font-family: arial, sans-serif; line-height: normal; background-color: #ffffff;\" \/>\u0160portni pozdrav!<br style=\"color: #222222; font-family: arial, sans-serif; line-height: normal; background-color: #ffffff;\" \/><br style=\"color: #222222; font-family: arial, sans-serif; line-height: normal; background-color: #ffffff;\" \/>&nbsp; &nbsp; &nbsp; &nbsp; &nbsp; &nbsp; &nbsp; &nbsp; &nbsp; &nbsp; &nbsp; &nbsp;<\/p>\n<hr \/>\n<p>&nbsp;<\/p>\n","protected":false},"excerpt":{"rendered":"<p>Atleti AD Bled na mednarodnem mitingu &#8220;Odprto prvenstvo Gorenjske Radovljica 2014&#8221; Atletinji in atleti ATLETSKEGA DRU\u0160TVA BLED so se v soboto, 23. 8. 2014,udele\u017eili atletskega mitinga &#8220;Odprto prvenstvo Gorenjske &#8211; Radovljica2014&#8243;, v organizaciji AK Radovljica. Atletski miting je spadal v kategorijomednarodnega mitinga, saj so se atletskega tekmovanja udele\u017eili tudi\u0161portniki iz Hrva\u0161ke in Avstrije.Atletski miting v [&hellip;]<\/p>\n","protected":false},"author":6,"featured_media":0,"comment_status":"open","ping_status":"closed","sticky":false,"template":"","format":"standard","meta":{"footnotes":""},"categories":[6],"tags":[],"class_list":["post-80","post","type-post","status-publish","format-standard","hentry","category-katrezultatitekmovanj"],"_links":{"self":[{"href":"https:\/\/adbled.si\/index.php?rest_route=\/wp\/v2\/posts\/80","targetHints":{"allow":["GET"]}}],"collection":[{"href":"https:\/\/adbled.si\/index.php?rest_route=\/wp\/v2\/posts"}],"about":[{"href":"https:\/\/adbled.si\/index.php?rest_route=\/wp\/v2\/types\/post"}],"author":[{"embeddable":true,"href":"https:\/\/adbled.si\/index.php?rest_route=\/wp\/v2\/users\/6"}],"replies":[{"embeddable":true,"href":"https:\/\/adbled.si\/index.php?rest_route=%2Fwp%2Fv2%2Fcomments&post=80"}],"version-history":[{"count":0,"href":"https:\/\/adbled.si\/index.php?rest_route=\/wp\/v2\/posts\/80\/revisions"}],"wp:attachment":[{"href":"https:\/\/adbled.si\/index.php?rest_route=%2Fwp%2Fv2%2Fmedia&parent=80"}],"wp:term":[{"taxonomy":"category","embeddable":true,"href":"https:\/\/adbled.si\/index.php?rest_route=%2Fwp%2Fv2%2Fcategories&post=80"},{"taxonomy":"post_tag","embeddable":true,"href":"https:\/\/adbled.si\/index.php?rest_route=%2Fwp%2Fv2%2Ftags&post=80"}],"curies":[{"name":"wp","href":"https:\/\/api.w.org\/{rel}","templated":true}]}}