{"id":70,"date":"2014-02-07T12:40:49","date_gmt":"2014-02-07T11:40:49","guid":{"rendered":"https:\/\/adbled.si\/wp\/?p=70"},"modified":"2023-07-01T12:18:58","modified_gmt":"2023-07-01T10:18:58","slug":"ad-bled-ima-drzavna-prvaka-v-posamicnem-in-ekipnem-mnogoboju-u14","status":"publish","type":"post","link":"https:\/\/adbled.si\/?p=70","title":{"rendered":"AD Bled ima dr\u017eavna prvaka v posami\u010dnem in ekipnem mnogoboju U14"},"content":{"rendered":"<p><span style=\"color: #222222; line-height: normal; font-family: arial, helvetica, sans-serif; font-size: 12pt; font-style: normal; font-variant: normal; background-color: #ffffff;\">AD Bled ima dr\u017eavna prvaka v posami\u010dnem in ekipnem mnogoboju U14<\/span><br style=\"color: #222222; line-height: normal; font-family: arial, sans-serif; font-size: 13px; background-color: #ffffff;\" \/><br style=\"color: #222222; line-height: normal; font-family: arial, sans-serif; font-size: 13px; background-color: #ffffff;\" \/><span style=\"color: #808080; line-height: normal; font-family: arial, helvetica, sans-serif; font-size: 10pt; font-style: normal; font-variant: normal; background-color: #ffffff;\">Sneg in led nista ustavila mlada pionirja ATLETSKEGA DRU\u0160TVA BLED &#8211; U14<\/span><br style=\"color: #222222; line-height: normal; font-family: arial, sans-serif; font-size: 13px; background-color: #ffffff;\" \/><span style=\"color: #808080; line-height: normal; font-family: arial, helvetica, sans-serif; font-size: 10pt; font-style: normal; font-variant: normal; background-color: #ffffff;\">\u0160tular Jona in Le\u0161njak \u017dan \u017diga, da se ne bi udele\u017eila skupaj s trenerjem<\/span><br style=\"color: #222222; line-height: normal; font-family: arial, sans-serif; font-size: 13px; background-color: #ffffff;\" \/><span style=\"color: #808080; line-height: normal; font-family: arial, helvetica, sans-serif; font-size: 10pt; font-style: normal; font-variant: normal; background-color: #ffffff;\">Robijem &#8220;Dr\u017eavnega prvenstva Slovenije v dvorani v posami\u010dnem in ekipnem<\/span><br style=\"color: #222222; line-height: normal; font-family: arial, sans-serif; font-size: 13px; background-color: #ffffff;\" \/><span style=\"color: #808080; line-height: normal; font-family: arial, helvetica, sans-serif; font-size: 10pt; font-style: normal; font-variant: normal; background-color: #ffffff;\">mnogoboju&#8221; v Slovenski Bistrici. Atletsko dr\u017eavno prvenstvo v dvorani je<\/span><br style=\"color: #222222; line-height: normal; font-family: arial, sans-serif; font-size: 13px; background-color: #ffffff;\" \/><span style=\"color: #808080; line-height: normal; font-family: arial, helvetica, sans-serif; font-size: 10pt; font-style: normal; font-variant: normal; background-color: #ffffff;\">potekalo v Slovenski Bistrici, v nedeljo, 2. 2. 2014, v organizaciji AK<\/span><br style=\"color: #222222; line-height: normal; font-family: arial, sans-serif; font-size: 13px; background-color: #ffffff;\" \/><span style=\"color: #808080; line-height: normal; font-family: arial, helvetica, sans-serif; font-size: 10pt; font-style: normal; font-variant: normal; background-color: #ffffff;\">Poljane Maribor.<\/span><\/p>\n<p><br style=\"color: #222222; line-height: normal; font-family: arial, sans-serif; font-size: 13px; background-color: #ffffff;\" \/><span style=\"color: #808080; line-height: normal; font-family: arial, helvetica, sans-serif; font-size: 10pt; font-style: normal; font-variant: normal; background-color: #ffffff;\">Atletsko tekmovanje v mnogoboju (tek na 60m, met te\u017eke \u017eoge, skok v<\/span><br style=\"color: #222222; line-height: normal; font-family: arial, sans-serif; font-size: 13px; background-color: #ffffff;\" \/><span style=\"color: #808080; line-height: normal; font-family: arial, helvetica, sans-serif; font-size: 10pt; font-style: normal; font-variant: normal; background-color: #ffffff;\">daljino, tek 600m) sta Jon in \u017dan \u017diga pri\u010dela odlo\u010dno in samozavestno \u017ee v<\/span><br style=\"color: #222222; line-height: normal; font-family: arial, sans-serif; font-size: 13px; background-color: #ffffff;\" \/><span style=\"color: #808080; line-height: normal; font-family: arial, helvetica, sans-serif; font-size: 10pt; font-style: normal; font-variant: normal; background-color: #ffffff;\">prvi disciplini teka na 60m. Jon je z najbolj\u0161im \u010dasom teka na 60m prevzel<\/span><br style=\"color: #222222; line-height: normal; font-family: arial, sans-serif; font-size: 13px; background-color: #ffffff;\" \/><span style=\"color: #808080; line-height: normal; font-family: arial, helvetica, sans-serif; font-size: 10pt; font-style: normal; font-variant: normal; background-color: #ffffff;\">vodstvo, katerega do konca tekmovanja v mnogoboju ni izpustil iz rok. V<\/span><br style=\"color: #222222; line-height: normal; font-family: arial, sans-serif; font-size: 13px; background-color: #ffffff;\" \/><span style=\"color: #808080; line-height: normal; font-family: arial, helvetica, sans-serif; font-size: 10pt; font-style: normal; font-variant: normal; background-color: #ffffff;\">vseh preostalih disciplinah je Jon zasedel prvo mesto in tako z dose\u017eenimi<\/span><br style=\"color: #222222; line-height: normal; font-family: arial, sans-serif; font-size: 13px; background-color: #ffffff;\" \/><span style=\"color: #808080; line-height: normal; font-family: arial, helvetica, sans-serif; font-size: 10pt; font-style: normal; font-variant: normal; background-color: #ffffff;\">2445 to\u010dkami prepri\u010dljivo zmagal v posami\u010dnem mnogoboju (drugouvr\u0161\u010denega je<\/span><br style=\"color: #222222; line-height: normal; font-family: arial, sans-serif; font-size: 13px; background-color: #ffffff;\" \/><span style=\"color: #808080; line-height: normal; font-family: arial, helvetica, sans-serif; font-size: 10pt; font-style: normal; font-variant: normal; background-color: #ffffff;\">prehitel za 348 to\u010dk) ter postal dr\u017eavni prvak. Omeniti je \u0161e potrebno, da<\/span><br style=\"color: #222222; line-height: normal; font-family: arial, sans-serif; font-size: 13px; background-color: #ffffff;\" \/><span style=\"color: #808080; line-height: normal; font-family: arial, helvetica, sans-serif; font-size: 10pt; font-style: normal; font-variant: normal; background-color: #ffffff;\">je v disciplini skok v daljino za pi\u010dle 3 cm zaostal za dr\u017eavnim rekordom v<\/span><br style=\"color: #222222; line-height: normal; font-family: arial, sans-serif; font-size: 13px; background-color: #ffffff;\" \/><span style=\"color: #808080; line-height: normal; font-family: arial, helvetica, sans-serif; font-size: 10pt; font-style: normal; font-variant: normal; background-color: #ffffff;\">dvorani. \u00a0\u017dan \u017diga je tekmoval in se boril po svojih najbolj\u0161ih mo\u010deh ter z<\/span><br style=\"color: #222222; line-height: normal; font-family: arial, sans-serif; font-size: 13px; background-color: #ffffff;\" \/><span style=\"color: #808080; line-height: normal; font-family: arial, helvetica, sans-serif; font-size: 10pt; font-style: normal; font-variant: normal; background-color: #ffffff;\">osvojenimi 1406 to\u010dkami zasedel zelo dobro 13. mesto (&#8220;zlata sredina&#8221;).<\/span><br style=\"color: #222222; line-height: normal; font-family: arial, sans-serif; font-size: 13px; background-color: #ffffff;\" \/><br style=\"color: #222222; line-height: normal; font-family: arial, sans-serif; font-size: 13px; background-color: #ffffff;\" \/><span style=\"color: #808080; line-height: normal; font-family: arial, helvetica, sans-serif; font-size: 10pt; font-style: normal; font-variant: normal; background-color: #ffffff;\">V ekipni razvrstitvi sta Jon in \u017dan \u017diga skupaj dosegla 3851 to\u010dk in z<\/span><br style=\"color: #222222; line-height: normal; font-family: arial, sans-serif; font-size: 13px; background-color: #ffffff;\" \/><span style=\"color: #808080; line-height: normal; font-family: arial, helvetica, sans-serif; font-size: 10pt; font-style: normal; font-variant: normal; background-color: #ffffff;\">naskokom 362 to\u010dk postala dr\u017eavna prvaka v ekipnem mnogoboju v dvorani za<\/span><br style=\"color: #222222; line-height: normal; font-family: arial, sans-serif; font-size: 13px; background-color: #ffffff;\" \/><span style=\"color: #808080; line-height: normal; font-family: arial, helvetica, sans-serif; font-size: 10pt; font-style: normal; font-variant: normal; background-color: #ffffff;\">leto 2014. Ve\u010d rezultatov je razvidnih na internetnih straneh AZS in Timing<\/span><br style=\"color: #222222; line-height: normal; font-family: arial, sans-serif; font-size: 13px; background-color: #ffffff;\" \/><span style=\"color: #808080; line-height: normal; font-family: arial, helvetica, sans-serif; font-size: 10pt; font-style: normal; font-variant: normal; background-color: #ffffff;\">Ljubljana.<\/span><br style=\"color: #222222; line-height: normal; font-family: arial, sans-serif; font-size: 13px; background-color: #ffffff;\" \/><br style=\"color: #222222; line-height: normal; font-family: arial, sans-serif; font-size: 13px; background-color: #ffffff;\" \/><span style=\"color: #808080; line-height: normal; font-family: arial, helvetica, sans-serif; font-size: 10pt; font-style: normal; font-variant: normal; background-color: #ffffff;\">Za osvojitev dveh naslovov dr\u017eavnih prvakov mladima atletoma Jonu in \u017dan<\/span><br style=\"color: #222222; line-height: normal; font-family: arial, sans-serif; font-size: 13px; background-color: #ffffff;\" \/><span style=\"color: #808080; line-height: normal; font-family: arial, helvetica, sans-serif; font-size: 10pt; font-style: normal; font-variant: normal; background-color: #ffffff;\">\u017digu \u010destitamo !!<\/span><br style=\"color: #222222; line-height: normal; font-family: arial, sans-serif; font-size: 13px; background-color: #ffffff;\" \/><br style=\"color: #222222; line-height: normal; font-family: arial, sans-serif; font-size: 13px; background-color: #ffffff;\" \/><span style=\"color: #222222; line-height: normal; font-family: arial, helvetica, sans-serif; font-size: 10pt; font-style: normal; font-variant: normal; background-color: #ffffff;\">\u0160portni pozdrav!<\/span><br style=\"color: #222222; line-height: normal; font-family: arial, sans-serif; font-size: 13px; background-color: #ffffff;\" \/><br style=\"color: #222222; line-height: normal; font-family: arial, sans-serif; font-size: 13px; background-color: #ffffff;\" \/><span style=\"color: #222222; line-height: normal; font-family: arial, helvetica, sans-serif; font-size: 10pt; font-style: normal; font-variant: normal; background-color: #ffffff;\">\u00a0 \u00a0 \u00a0 \u00a0 \u00a0 \u00a0 \u00a0 \u00a0 \u00a0 \u00a0 \u00a0 \u00a0 \u00a0 \u00a0 \u00a0 \u00a0 \u00a0 \u00a0 \u00a0 AD Bled &#8211; Jure<\/span><\/p>\n","protected":false},"excerpt":{"rendered":"<p>AD Bled ima dr\u017eavna prvaka v posami\u010dnem in ekipnem mnogoboju U14Sneg in led nista ustavila mlada pionirja ATLETSKEGA DRU\u0160TVA BLED &#8211; U14\u0160tular Jona in Le\u0161njak \u017dan \u017diga, da se ne bi udele\u017eila skupaj s trenerjemRobijem &#8220;Dr\u017eavnega prvenstva Slovenije v dvorani v posami\u010dnem in ekipnemmnogoboju&#8221; v Slovenski Bistrici. Atletsko dr\u017eavno prvenstvo v dvorani jepotekalo v Slovenski [&hellip;]<\/p>\n","protected":false},"author":6,"featured_media":2762,"comment_status":"open","ping_status":"closed","sticky":false,"template":"","format":"standard","meta":{"footnotes":""},"categories":[6],"tags":[],"class_list":["post-70","post","type-post","status-publish","format-standard","has-post-thumbnail","hentry","category-katrezultatitekmovanj"],"_links":{"self":[{"href":"https:\/\/adbled.si\/index.php?rest_route=\/wp\/v2\/posts\/70","targetHints":{"allow":["GET"]}}],"collection":[{"href":"https:\/\/adbled.si\/index.php?rest_route=\/wp\/v2\/posts"}],"about":[{"href":"https:\/\/adbled.si\/index.php?rest_route=\/wp\/v2\/types\/post"}],"author":[{"embeddable":true,"href":"https:\/\/adbled.si\/index.php?rest_route=\/wp\/v2\/users\/6"}],"replies":[{"embeddable":true,"href":"https:\/\/adbled.si\/index.php?rest_route=%2Fwp%2Fv2%2Fcomments&post=70"}],"version-history":[{"count":1,"href":"https:\/\/adbled.si\/index.php?rest_route=\/wp\/v2\/posts\/70\/revisions"}],"predecessor-version":[{"id":2763,"href":"https:\/\/adbled.si\/index.php?rest_route=\/wp\/v2\/posts\/70\/revisions\/2763"}],"wp:featuredmedia":[{"embeddable":true,"href":"https:\/\/adbled.si\/index.php?rest_route=\/wp\/v2\/media\/2762"}],"wp:attachment":[{"href":"https:\/\/adbled.si\/index.php?rest_route=%2Fwp%2Fv2%2Fmedia&parent=70"}],"wp:term":[{"taxonomy":"category","embeddable":true,"href":"https:\/\/adbled.si\/index.php?rest_route=%2Fwp%2Fv2%2Fcategories&post=70"},{"taxonomy":"post_tag","embeddable":true,"href":"https:\/\/adbled.si\/index.php?rest_route=%2Fwp%2Fv2%2Ftags&post=70"}],"curies":[{"name":"wp","href":"https:\/\/api.w.org\/{rel}","templated":true}]}}