{"id":69,"date":"2014-02-07T12:38:48","date_gmt":"2014-02-07T11:38:48","guid":{"rendered":"https:\/\/adbled.si\/wp\/?p=69"},"modified":"2014-02-07T12:38:48","modified_gmt":"2014-02-07T11:38:48","slug":"mlajsi-mladinki-ad-bled-nastopili-na-prvenstvu-slovenije-v-dvorani-v-ljubljani","status":"publish","type":"post","link":"https:\/\/adbled.si\/?p=69","title":{"rendered":"Mlaj\u0161i mladinki AD Bled nastopili na Prvenstvu Slovenije v dvorani v Ljubljani"},"content":{"rendered":"<p><span style=\"color: #222222; font-family: arial, sans-serif; font-size: 12pt; font-style: normal; font-variant: normal; line-height: normal; background-color: #ffffff;\">Mlaj&scaron;i mladinki AD Bled nastopili na Prvenstvu Slovenije v dvorani v<\/span><br style=\"color: #222222; font-family: arial, sans-serif; font-size: 13px; line-height: normal; background-color: #ffffff;\" \/><span style=\"color: #222222; font-family: arial, sans-serif; font-size: 12pt; font-style: normal; font-variant: normal; line-height: normal; background-color: #ffffff;\">Ljubljani<\/span><br style=\"color: #222222; font-family: arial, sans-serif; font-size: 13px; line-height: normal; background-color: #ffffff;\" \/><br style=\"color: #222222; font-family: arial, sans-serif; font-size: 13px; line-height: normal; background-color: #ffffff;\" \/><span style=\"color: #222222; font-family: arial, sans-serif; font-size: 10pt; font-style: normal; font-variant: normal; line-height: normal; background-color: #ffffff;\">Mlaj&scaron;i mladinki, \u010dlanici ATLETSKEGA DRU&Scaron;TVA BLED, Tajda Rehberger in Ur&scaron;a<\/span><br style=\"color: #222222; font-family: arial, sans-serif; font-size: 13px; line-height: normal; background-color: #ffffff;\" \/><span style=\"color: #222222; font-family: arial, sans-serif; font-size: 10pt; font-style: normal; font-variant: normal; line-height: normal; background-color: #ffffff;\">Le&scaron;njak sta v soboto, 1. 2. 2014, nastopili na Prvenstvu Slovenije v<\/span><br style=\"color: #222222; font-family: arial, sans-serif; font-size: 13px; line-height: normal; background-color: #ffffff;\" \/><span style=\"color: #222222; font-family: arial, sans-serif; font-size: 10pt; font-style: normal; font-variant: normal; line-height: normal; background-color: #ffffff;\">dvorani za mlaj&scaron;e mladince in mladinke. Prvenstvo Slovenije je potekalo v<\/span><br style=\"color: #222222; font-family: arial, sans-serif; font-size: 13px; line-height: normal; background-color: #ffffff;\" \/><span style=\"color: #222222; font-family: arial, sans-serif; font-size: 10pt; font-style: normal; font-variant: normal; line-height: normal; background-color: #ffffff;\">&scaron;portni dvorani v Ljubljani, v organizaciji doma\u010dega atletskega dru&scaron;tva<\/span><br style=\"color: #222222; font-family: arial, sans-serif; font-size: 13px; line-height: normal; background-color: #ffffff;\" \/><span style=\"color: #222222; font-family: arial, sans-serif; font-size: 10pt; font-style: normal; font-variant: normal; line-height: normal; background-color: #ffffff;\">MASS Ljubljana.<\/span><br style=\"color: #222222; font-family: arial, sans-serif; font-size: 13px; line-height: normal; background-color: #ffffff;\" \/><br style=\"color: #222222; font-family: arial, sans-serif; font-size: 13px; line-height: normal; background-color: #ffffff;\" \/><span style=\"color: #222222; font-family: arial, sans-serif; font-size: 10pt; font-style: normal; font-variant: normal; line-height: normal; background-color: #ffffff;\">Tajda in Ur&scaron;a sta se kljub nemogo\u010dim sne\u017enim razmeram odlo\u010dili, da<\/span><br style=\"color: #222222; font-family: arial, sans-serif; font-size: 13px; line-height: normal; background-color: #ffffff;\" \/><span style=\"color: #222222; font-family: arial, sans-serif; font-size: 10pt; font-style: normal; font-variant: normal; line-height: normal; background-color: #ffffff;\">nastopita na dr\u017eavnem prvenstvu ter nadaljujeta z nizom atletskih tekmovanj<\/span><br style=\"color: #222222; font-family: arial, sans-serif; font-size: 13px; line-height: normal; background-color: #ffffff;\" \/><span style=\"color: #222222; font-family: arial, sans-serif; font-size: 10pt; font-style: normal; font-variant: normal; line-height: normal; background-color: #ffffff;\">v leto&scaron;njem letu 2014. Nastopili sta v teku na 60m in sicer Tajda v prvi<\/span><br style=\"color: #222222; font-family: arial, sans-serif; font-size: 13px; line-height: normal; background-color: #ffffff;\" \/><span style=\"color: #222222; font-family: arial, sans-serif; font-size: 10pt; font-style: normal; font-variant: normal; line-height: normal; background-color: #ffffff;\">kvalifikacijski skupini, Ur&scaron;a pa takoj za njo, v drugi skupini. Njun<\/span><br style=\"color: #222222; font-family: arial, sans-serif; font-size: 13px; line-height: normal; background-color: #ffffff;\" \/><span style=\"color: #222222; font-family: arial, sans-serif; font-size: 10pt; font-style: normal; font-variant: normal; line-height: normal; background-color: #ffffff;\">dose\u017eek v kavilifakijah je pomenil, da sta zasedli mesti v &#8220;zlati sredini&#8221;<\/span><br style=\"color: #222222; font-family: arial, sans-serif; font-size: 13px; line-height: normal; background-color: #ffffff;\" \/><span style=\"color: #222222; font-family: arial, sans-serif; font-size: 10pt; font-style: normal; font-variant: normal; line-height: normal; background-color: #ffffff;\">nastopajo\u010dih mlaj&scaron;ih mladink.<\/span><br style=\"color: #222222; font-family: arial, sans-serif; font-size: 13px; line-height: normal; background-color: #ffffff;\" \/><br style=\"color: #222222; font-family: arial, sans-serif; font-size: 13px; line-height: normal; background-color: #ffffff;\" \/><span style=\"color: #222222; font-family: arial, sans-serif; font-size: 13px; font-style: normal; font-variant: normal; line-height: normal; background-color: #ffffff;\">Tajdi in Ur&scaron;i \u010destitamo za dose\u017een rezultat (vsi rezultati so razvidni na<\/span><br style=\"color: #222222; font-family: arial, sans-serif; font-size: 13px; line-height: normal; background-color: #ffffff;\" \/><span style=\"color: #222222; font-family: arial, sans-serif; font-size: 13px; font-style: normal; font-variant: normal; line-height: normal; background-color: #ffffff;\">znanih internetnih straneh).<\/span><br style=\"color: #222222; font-family: arial, sans-serif; font-size: 13px; line-height: normal; background-color: #ffffff;\" \/><br style=\"color: #222222; font-family: arial, sans-serif; font-size: 13px; line-height: normal; background-color: #ffffff;\" \/><br style=\"color: #222222; font-family: arial, sans-serif; font-size: 13px; line-height: normal; background-color: #ffffff;\" \/><span style=\"color: #222222; font-family: arial, sans-serif; font-size: 13px; font-style: normal; font-variant: normal; line-height: normal; background-color: #ffffff;\">&Scaron;portni pozdrav!<\/span><br style=\"color: #222222; font-family: arial, sans-serif; font-size: 13px; line-height: normal; background-color: #ffffff;\" \/><br style=\"color: #222222; font-family: arial, sans-serif; font-size: 13px; line-height: normal; background-color: #ffffff;\" \/><br style=\"color: #222222; font-family: arial, sans-serif; font-size: 13px; line-height: normal; background-color: #ffffff;\" \/><span style=\"color: #222222; font-family: arial, sans-serif; font-size: 13px; font-style: normal; font-variant: normal; line-height: normal; background-color: #ffffff;\">&nbsp; &nbsp; &nbsp; &nbsp; &nbsp; &nbsp; &nbsp; &nbsp; &nbsp; &nbsp; &nbsp; &nbsp; &nbsp; AD Bled &#8211; Jure<\/span><\/p>\n","protected":false},"excerpt":{"rendered":"<p>Mlaj&scaron;i mladinki AD Bled nastopili na Prvenstvu Slovenije v dvorani vLjubljaniMlaj&scaron;i mladinki, \u010dlanici ATLETSKEGA DRU&Scaron;TVA BLED, Tajda Rehberger in Ur&scaron;aLe&scaron;njak sta v soboto, 1. 2. 2014, nastopili na Prvenstvu Slovenije vdvorani za mlaj&scaron;e mladince in mladinke. Prvenstvo Slovenije je potekalo v&scaron;portni dvorani v Ljubljani, v organizaciji doma\u010dega atletskega dru&scaron;tvaMASS Ljubljana.Tajda in Ur&scaron;a sta se kljub [&hellip;]<\/p>\n","protected":false},"author":6,"featured_media":0,"comment_status":"open","ping_status":"closed","sticky":false,"template":"","format":"standard","meta":{"footnotes":""},"categories":[6],"tags":[],"class_list":["post-69","post","type-post","status-publish","format-standard","hentry","category-katrezultatitekmovanj"],"_links":{"self":[{"href":"https:\/\/adbled.si\/index.php?rest_route=\/wp\/v2\/posts\/69","targetHints":{"allow":["GET"]}}],"collection":[{"href":"https:\/\/adbled.si\/index.php?rest_route=\/wp\/v2\/posts"}],"about":[{"href":"https:\/\/adbled.si\/index.php?rest_route=\/wp\/v2\/types\/post"}],"author":[{"embeddable":true,"href":"https:\/\/adbled.si\/index.php?rest_route=\/wp\/v2\/users\/6"}],"replies":[{"embeddable":true,"href":"https:\/\/adbled.si\/index.php?rest_route=%2Fwp%2Fv2%2Fcomments&post=69"}],"version-history":[{"count":0,"href":"https:\/\/adbled.si\/index.php?rest_route=\/wp\/v2\/posts\/69\/revisions"}],"wp:attachment":[{"href":"https:\/\/adbled.si\/index.php?rest_route=%2Fwp%2Fv2%2Fmedia&parent=69"}],"wp:term":[{"taxonomy":"category","embeddable":true,"href":"https:\/\/adbled.si\/index.php?rest_route=%2Fwp%2Fv2%2Fcategories&post=69"},{"taxonomy":"post_tag","embeddable":true,"href":"https:\/\/adbled.si\/index.php?rest_route=%2Fwp%2Fv2%2Ftags&post=69"}],"curies":[{"name":"wp","href":"https:\/\/api.w.org\/{rel}","templated":true}]}}