{"id":68,"date":"2014-02-02T12:07:36","date_gmt":"2014-02-02T11:07:36","guid":{"rendered":"https:\/\/adbled.si\/wp\/?p=68"},"modified":"2023-07-01T12:22:13","modified_gmt":"2023-07-01T10:22:13","slug":"atletinje-ad-bled-na-indoor-classic-vienna-2014-na-dunaju","status":"publish","type":"post","link":"https:\/\/adbled.si\/?p=68","title":{"rendered":"Atletinje AD Bled na &#8220;Indoor Classic Vienna 2014&#8221; na Dunaju"},"content":{"rendered":"<div style=\"color: #222222; font-family: arial, sans-serif; font-size: 13px; font-style: normal; font-variant: normal; line-height: normal; background-color: #ffffff;\"><span style=\"font-family: arial, helvetica, sans-serif; font-size: 12pt;\"><strong>Atletinje AD Bled na &#8220;Indoor Classic Vienna 2014&#8221; na Dunaju<\/strong><\/span><\/div>\n<div style=\"color: #222222; font-family: arial, sans-serif; font-size: 13px; font-style: normal; font-variant: normal; line-height: normal; background-color: #ffffff;\"><span style=\"font-family: Arial; font-size: x-small;\"><\/span>&nbsp;<\/div>\n<div style=\"color: #222222; font-family: arial, sans-serif; font-size: 13px; font-style: normal; font-variant: normal; line-height: normal; background-color: #ffffff;\"><span style=\"font-family: Arial; font-size: x-small;\"><\/span>&nbsp;<\/div>\n<div style=\"color: #222222; font-family: arial, sans-serif; font-size: 13px; font-style: normal; font-variant: normal; line-height: normal; background-color: #ffffff;\"><span style=\"font-family: Arial; font-size: 10pt;\">Navdu\u0161ene in pogumne atletinje Atletskega dru\u0161tva Bled so se v torek, 28. 1. 2014, udele\u017eile tradicionalnega mednarodnega atletskega mitinga &#8220;Indoor Classic Vienna 2014&#8221; na Dunaju (Avstrija).&nbsp;Na tekmovanju so nastopale atletinje in atleti iz celega sveta, celo iz Ju\u017ene Afri\u0161ke Republike. &nbsp;<\/span><\/div>\n<div style=\"color: #222222; font-family: arial, sans-serif; font-size: 13px; font-style: normal; font-variant: normal; line-height: normal; background-color: #ffffff;\"><span style=\"font-size: 10pt;\"><span style=\"font-family: Arial;\"><\/span>&nbsp;<\/span><\/div>\n<div style=\"color: #222222; font-family: arial, sans-serif; font-size: 13px; font-style: normal; font-variant: normal; line-height: normal; background-color: #ffffff;\"><span style=\"font-family: Arial; font-size: 10pt;\">Maja Pristavec, Tajda Rehberger, Nika Pristavec in Ur\u0161a Le\u0161njak so v torek vstale malo bolj zgodaj, kar ni v njihovi navadi.&nbsp;Odhod kombija je trener Robert v spremstvu Timoteja nastavil na \u010detrto uro zjutraj.&nbsp;Pot&nbsp;je &#8220;atletsko odpravo&#8221; vodila skozi karavan\u0161ki predor in po avtocesti do Dunaja.&nbsp;<\/span><\/div>\n<div style=\"color: #222222; font-family: arial, sans-serif; font-size: 13px; font-style: normal; font-variant: normal; line-height: normal; background-color: #ffffff;\"><span style=\"font-size: 10pt;\"><span style=\"font-family: Arial;\"><\/span>&nbsp;<\/span><\/div>\n<div style=\"color: #222222; font-family: arial, sans-serif; font-size: 13px; font-style: normal; font-variant: normal; line-height: normal; background-color: #ffffff;\"><span style=\"font-family: Arial; font-size: 10pt;\">Na&nbsp;Dunaju je isti dan potekalo dr\u017eavno prvenstvo Slovenije v kro\u017enih tekih v dvorani.&nbsp;Prvenstva Slovenije, ki je potekalo v dopoldanskem \u010dasu, se je udele\u017eila Nika Pristavec.<\/span><\/div>\n<div style=\"color: #222222; font-family: arial, sans-serif; font-size: 13px; font-style: normal; font-variant: normal; line-height: normal; background-color: #ffffff;\"><span style=\"font-size: 10pt;\"><span style=\"font-family: Arial;\"><\/span>&nbsp;<\/span><\/div>\n<div style=\"color: #222222; font-family: arial, sans-serif; font-size: 13px; font-style: normal; font-variant: normal; line-height: normal; background-color: #ffffff;\"><span style=\"font-family: Arial; font-size: 10pt;\">Maja, Tajda in Ur\u0161a so se med Prvenstvom Slovenije pridno ogrevale in nestrpno \u010dakale na svoj mednarodni nastop v teku na 60m.<\/span><\/div>\n<div style=\"color: #222222; font-family: arial, sans-serif; font-size: 13px; font-style: normal; font-variant: normal; line-height: normal; background-color: #ffffff;\"><span style=\"font-size: 10pt;\"><span style=\"font-family: Arial;\"><\/span>&nbsp;<\/span><\/div>\n<div style=\"color: #222222; font-family: arial, sans-serif; font-size: 13px; font-style: normal; font-variant: normal; line-height: normal; background-color: #ffffff;\"><span style=\"font-family: Arial; font-size: 10pt;\">Organizator mednarodnega mitinga &#8220;Indoor Classic&#8221; je letos presenetil vse navdu\u0161ence atletike in omogo\u010dil prenos tekmovanja preko elektronskih medijev. Tako smo doma\u010di in ljubitelji atletike v \u017eivo spremljali tekmovanje&nbsp;v \u0161portni dvorani kar iz doma\u010dega naslonja\u010da. Super!<\/span><\/div>\n<div style=\"color: #222222; font-family: arial, sans-serif; font-size: 13px; font-style: normal; font-variant: normal; line-height: normal; background-color: #ffffff;\"><span style=\"font-size: 10pt;\"><span style=\"font-family: Arial;\"><\/span>&nbsp;<\/span><\/div>\n<div style=\"color: #222222; font-family: arial, sans-serif; font-size: 13px; font-style: normal; font-variant: normal; line-height: normal; background-color: #ffffff;\"><span style=\"font-family: Arial; font-size: 10pt;\">Vse atletinje AD Bled so zelo dobro opravile svoj nastop in dosegle najbolj\u0161e leto\u0161nje rezultate. Bile so navdu\u0161ene nad tekmovanjem in vzdu\u0161jem v dvorani, tako da komaj \u010dakajo novih tekmovanj&nbsp;na najvi\u0161ji mednarodni ravni.<\/span><\/div>\n<div style=\"color: #222222; font-family: arial, sans-serif; font-size: 13px; font-style: normal; font-variant: normal; line-height: normal; background-color: #ffffff;\"><span style=\"font-size: 10pt;\"><span style=\"font-family: Arial;\"><\/span>&nbsp;<\/span><\/div>\n<div style=\"color: #222222; font-family: arial, sans-serif; font-size: 13px; font-style: normal; font-variant: normal; line-height: normal; background-color: #ffffff;\"><span style=\"font-family: Arial; font-size: 10pt;\">Vsi dose\u017eeni rezultati so razvidni&nbsp;na znanih internetnih straneh &#8211; stran AZS. &nbsp;<\/span><\/div>\n<div style=\"color: #222222; font-family: arial, sans-serif; font-size: 13px; font-style: normal; font-variant: normal; line-height: normal; background-color: #ffffff;\"><span style=\"font-size: 10pt;\"><span style=\"font-family: Arial;\"><\/span>&nbsp;<\/span><\/div>\n<div style=\"color: #222222; font-family: arial, sans-serif; font-size: 13px; font-style: normal; font-variant: normal; line-height: normal; background-color: #ffffff;\"><span style=\"font-family: Arial; font-size: 10pt;\">Vsem nastopajo\u010dim \u010destitamo za dose\u017eene rezultate!<\/span><\/div>\n<div style=\"color: #222222; font-family: arial, sans-serif; font-size: 13px; font-style: normal; font-variant: normal; line-height: normal; background-color: #ffffff;\"><span style=\"font-family: Arial; font-size: 10pt;\"><\/span><\/div>\n<div style=\"color: #222222; font-family: arial, sans-serif; font-size: 13px; font-style: normal; font-variant: normal; line-height: normal; background-color: #ffffff;\"><span style=\"font-size: 10pt;\"><span style=\"font-family: Arial;\"><\/span>&nbsp;<img loading=\"lazy\" decoding=\"async\" src=\"images\/AdBled_Slike\/unnamed_2.jpg\" alt=\"unnamed 2\" width=\"421\" height=\"286\"><\/span><\/div>\n<div style=\"color: #222222; font-family: arial, sans-serif; font-size: 13px; font-style: normal; font-variant: normal; line-height: normal; background-color: #ffffff;\"><span style=\"font-size: 10pt;\"><span style=\"font-family: Arial;\"><\/span>&nbsp;<\/span><\/div>\n<div style=\"color: #222222; font-family: arial, sans-serif; font-size: 13px; font-style: normal; font-variant: normal; line-height: normal; background-color: #ffffff;\"><span style=\"font-family: Arial; font-size: 10pt;\">\u0160portni pozdrav!<\/span><\/div>\n<div style=\"color: #222222; font-family: arial, sans-serif; font-size: 13px; font-style: normal; font-variant: normal; line-height: normal; background-color: #ffffff;\"><span style=\"font-size: 10pt;\"><span style=\"font-family: Arial;\"><\/span>&nbsp;<\/span><\/div>\n<div style=\"color: #222222; font-family: arial, sans-serif; font-size: 13px; font-style: normal; font-variant: normal; line-height: normal; background-color: #ffffff;\"><span style=\"font-family: Arial; font-size: 10pt;\">&nbsp;&nbsp;&nbsp;&nbsp;&nbsp;&nbsp;&nbsp;&nbsp;&nbsp;&nbsp;&nbsp;&nbsp;&nbsp;&nbsp;&nbsp;&nbsp;&nbsp;&nbsp;&nbsp;&nbsp;&nbsp;&nbsp;&nbsp; AD Bled &#8211; Jure<\/span><\/div>\n<div style=\"color: #222222; font-family: arial, sans-serif; font-size: 13px; font-style: normal; font-variant: normal; line-height: normal; background-color: #ffffff;\"><span style=\"font-size: 10pt;\"><span style=\"font-family: Arial;\"><\/span>&nbsp;<\/span><\/div>\n<div style=\"color: #222222; font-family: arial, sans-serif; font-size: 13px; font-style: normal; font-variant: normal; line-height: normal; background-color: #ffffff;\"><span style=\"font-size: 10pt;\"><span style=\"font-family: Arial;\"><\/span>&nbsp;<\/span><\/div>\n","protected":false},"excerpt":{"rendered":"<p>Atletinje AD Bled na &#8220;Indoor Classic Vienna 2014&#8221; na Dunaju &nbsp; &nbsp; Navdu\u0161ene in pogumne atletinje Atletskega dru\u0161tva Bled so se v torek, 28. 1. 2014, udele\u017eile tradicionalnega mednarodnega atletskega mitinga &#8220;Indoor Classic Vienna 2014&#8221; na Dunaju (Avstrija).&nbsp;Na tekmovanju so nastopale atletinje in atleti iz celega sveta, celo iz Ju\u017ene Afri\u0161ke Republike. &nbsp; &nbsp; Maja [&hellip;]<\/p>\n","protected":false},"author":6,"featured_media":2764,"comment_status":"open","ping_status":"closed","sticky":false,"template":"","format":"standard","meta":{"footnotes":""},"categories":[6],"tags":[],"class_list":["post-68","post","type-post","status-publish","format-standard","has-post-thumbnail","hentry","category-katrezultatitekmovanj"],"_links":{"self":[{"href":"https:\/\/adbled.si\/index.php?rest_route=\/wp\/v2\/posts\/68","targetHints":{"allow":["GET"]}}],"collection":[{"href":"https:\/\/adbled.si\/index.php?rest_route=\/wp\/v2\/posts"}],"about":[{"href":"https:\/\/adbled.si\/index.php?rest_route=\/wp\/v2\/types\/post"}],"author":[{"embeddable":true,"href":"https:\/\/adbled.si\/index.php?rest_route=\/wp\/v2\/users\/6"}],"replies":[{"embeddable":true,"href":"https:\/\/adbled.si\/index.php?rest_route=%2Fwp%2Fv2%2Fcomments&post=68"}],"version-history":[{"count":1,"href":"https:\/\/adbled.si\/index.php?rest_route=\/wp\/v2\/posts\/68\/revisions"}],"predecessor-version":[{"id":2765,"href":"https:\/\/adbled.si\/index.php?rest_route=\/wp\/v2\/posts\/68\/revisions\/2765"}],"wp:featuredmedia":[{"embeddable":true,"href":"https:\/\/adbled.si\/index.php?rest_route=\/wp\/v2\/media\/2764"}],"wp:attachment":[{"href":"https:\/\/adbled.si\/index.php?rest_route=%2Fwp%2Fv2%2Fmedia&parent=68"}],"wp:term":[{"taxonomy":"category","embeddable":true,"href":"https:\/\/adbled.si\/index.php?rest_route=%2Fwp%2Fv2%2Fcategories&post=68"},{"taxonomy":"post_tag","embeddable":true,"href":"https:\/\/adbled.si\/index.php?rest_route=%2Fwp%2Fv2%2Ftags&post=68"}],"curies":[{"name":"wp","href":"https:\/\/api.w.org\/{rel}","templated":true}]}}