{"id":67,"date":"2014-01-29T15:18:52","date_gmt":"2014-01-29T14:18:52","guid":{"rendered":"https:\/\/adbled.si\/wp\/?p=67"},"modified":"2023-07-01T12:24:00","modified_gmt":"2023-07-01T10:24:00","slug":"prvenstvo-slovenije-v-dvorani-za-pionirje-in-pionirke-u12-v-ljubljani","status":"publish","type":"post","link":"https:\/\/adbled.si\/?p=67","title":{"rendered":"Prvenstvo Slovenije v dvorani za pionirje in pionirke U12 v Ljubljani"},"content":{"rendered":"<div style=\"color: #222222; font-family: arial, sans-serif; font-size: 13px; font-style: normal; font-variant: normal; line-height: normal; background-color: #ffffff;\"><span size=\"2\" face=\"Arial\" style=\"font-family: Arial; font-size: 12pt;\"><strong>Prvenstvo Slovenije v dvorani za pionirje in pionirke U12 v Ljubljani<\/strong><\/span><\/div>\n<div style=\"color: #222222; font-family: arial, sans-serif; font-size: 13px; font-style: normal; font-variant: normal; line-height: normal; background-color: #ffffff;\"><span size=\"2\" face=\"Arial\" style=\"font-family: Arial; font-size: x-small;\"><\/span>&nbsp;<\/div>\n<div style=\"color: #222222; font-family: arial, sans-serif; font-size: 13px; font-style: normal; font-variant: normal; line-height: normal; background-color: #ffffff;\"><span size=\"2\" face=\"Arial\" style=\"font-family: Arial; font-size: 10pt;\">Atletinji in atlet&nbsp;<strong>ATLETSKEGA DRU\u0160TVA BLED<\/strong>&nbsp;so se v nedeljo, 26. 1. 2014, udele\u017eili dr\u017eavnega prvenstva v Ljubljani &#8211; Prvenstvo Slovenije v dvorani za pionirje in pionirke U12.<\/span><\/div>\n<div style=\"color: #222222; font-family: arial, sans-serif; font-size: 13px; font-style: normal; font-variant: normal; line-height: normal; background-color: #ffffff;\"><span style=\"font-size: 10pt;\"><span size=\"2\" face=\"Arial\" style=\"font-family: Arial;\"><\/span>&nbsp;<\/span><\/div>\n<div style=\"color: #222222; font-family: arial, sans-serif; font-size: 13px; font-style: normal; font-variant: normal; line-height: normal; background-color: #ffffff;\"><span size=\"2\" face=\"Arial\" style=\"font-family: Arial; font-size: 10pt;\">Pionirka Katarina Gradnik (l. 2003) se je s pogumnim in odlo\u010dnim tekom na 60m prebila&nbsp;v &#8220;A&#8221; finale, v katerem se je z&nbsp;odli\u010dnim nastopom uvrstila na oder za zmagovalce.&nbsp;Zavihtela se je&nbsp;na tretje mesto in za 4 stotinke&nbsp;zgre\u0161ila srebro. \u0160e bolje ji je \u0161lo v disciplini skok v daljino. S skokom, dolgim 426 cm,&nbsp;je osvojila&nbsp;odli\u010dno drugo mesto. &nbsp;<\/span><\/div>\n<div style=\"color: #222222; font-family: arial, sans-serif; font-size: 13px; font-style: normal; font-variant: normal; line-height: normal; background-color: #ffffff;\"><span style=\"font-size: 10pt;\"><span size=\"2\" face=\"Arial\" style=\"font-family: Arial;\"><\/span>&nbsp;<\/span><\/div>\n<div style=\"color: #222222; font-family: arial, sans-serif; font-size: 13px; font-style: normal; font-variant: normal; line-height: normal; background-color: #ffffff;\"><span style=\"font-size: 10pt;\"><span size=\"2\" face=\"Arial\" style=\"font-family: Arial;\">Na prvenstvu sta nastopila tudi&nbsp;<\/span><span size=\"2\" face=\"Arial\" style=\"font-family: Arial;\">Matic Pagon (l. 2004) in&nbsp;N<\/span><span size=\"2\" face=\"Arial\" style=\"font-family: Arial;\">ina Crnovi\u010d (l. 2004). Nastopila sta v&nbsp;teku na 60m in skok v daljino ter se uvrstila v &#8220;zlato&#8221; sredino.&nbsp;<\/span><\/span><\/div>\n<div style=\"color: #222222; font-family: arial, sans-serif; font-size: 13px; font-style: normal; font-variant: normal; line-height: normal; background-color: #ffffff;\"><span style=\"font-size: 10pt;\"><span size=\"2\" face=\"Arial\" style=\"font-family: Arial;\"><\/span>&nbsp;<\/span><\/div>\n<div style=\"color: #222222; font-family: arial, sans-serif; font-size: 13px; font-style: normal; font-variant: normal; line-height: normal; background-color: #ffffff;\"><span size=\"2\" face=\"Arial\" style=\"font-family: Arial; font-size: 10pt;\">Naporni in &#8220;zimski&#8221; treningi so se tako obrestovali in \u017ee pri\u010dakujemo nove izzive!<\/span><\/div>\n<div style=\"color: #222222; font-family: arial, sans-serif; font-size: 13px; font-style: normal; font-variant: normal; line-height: normal; background-color: #ffffff;\"><span style=\"font-size: 10pt;\">&nbsp;<\/span><\/div>\n<div style=\"color: #222222; font-family: arial, sans-serif; font-size: 13px; font-style: normal; font-variant: normal; line-height: normal; background-color: #ffffff;\"><span size=\"2\" face=\"Arial\" style=\"font-family: Arial; font-size: 10pt;\">Vsi&nbsp;rezultati so objavljeni na internetni strani AZS.<\/span><\/div>\n<div style=\"color: #222222; font-family: arial, sans-serif; font-size: 13px; font-style: normal; font-variant: normal; line-height: normal; background-color: #ffffff;\"><span size=\"2\" face=\"Arial\" style=\"font-family: Arial; font-size: x-small;\">&nbsp;<\/span><\/div>\n<div style=\"color: #222222; font-family: arial, sans-serif; font-size: 13px; font-style: normal; font-variant: normal; line-height: normal; background-color: #ffffff;\">&nbsp;<img loading=\"lazy\" decoding=\"async\" src=\"images\/AdBled_Slike\/unnamed.jpg\" width=\"388\" height=\"292\" alt=\"unnamed\"><\/div>\n<div style=\"color: #222222; font-family: arial, sans-serif; font-size: 13px; font-style: normal; font-variant: normal; line-height: normal; background-color: #ffffff;\">&nbsp;<\/div>\n<div style=\"color: #222222; font-family: arial, sans-serif; font-size: 13px; font-style: normal; font-variant: normal; line-height: normal; background-color: #ffffff;\"><span size=\"2\" face=\"Arial\" style=\"font-family: Arial; font-size: x-small;\">\u0160portni pozdrav!<\/span><\/div>\n<div style=\"color: #222222; font-family: arial, sans-serif; font-size: 13px; font-style: normal; font-variant: normal; line-height: normal; background-color: #ffffff;\">&nbsp;<\/div>\n<div style=\"color: #222222; font-family: arial, sans-serif; font-size: 13px; font-style: normal; font-variant: normal; line-height: normal; background-color: #ffffff;\"><span size=\"2\" face=\"Arial\" style=\"font-family: Arial; font-size: x-small;\">&nbsp;&nbsp;&nbsp;&nbsp;&nbsp;&nbsp;&nbsp;&nbsp;&nbsp;&nbsp;&nbsp;&nbsp;&nbsp;&nbsp;&nbsp;&nbsp;&nbsp;&nbsp;&nbsp;&nbsp;&nbsp;&nbsp;&nbsp;&nbsp;&nbsp;&nbsp;&nbsp;&nbsp;&nbsp;&nbsp; AD Bled<\/span>&nbsp;<\/div>\n","protected":false},"excerpt":{"rendered":"<p>Prvenstvo Slovenije v dvorani za pionirje in pionirke U12 v Ljubljani &nbsp; Atletinji in atlet&nbsp;ATLETSKEGA DRU\u0160TVA BLED&nbsp;so se v nedeljo, 26. 1. 2014, udele\u017eili dr\u017eavnega prvenstva v Ljubljani &#8211; Prvenstvo Slovenije v dvorani za pionirje in pionirke U12. &nbsp; Pionirka Katarina Gradnik (l. 2003) se je s pogumnim in odlo\u010dnim tekom na 60m prebila&nbsp;v &#8220;A&#8221; [&hellip;]<\/p>\n","protected":false},"author":6,"featured_media":2766,"comment_status":"open","ping_status":"closed","sticky":false,"template":"","format":"standard","meta":{"footnotes":""},"categories":[6],"tags":[],"class_list":["post-67","post","type-post","status-publish","format-standard","has-post-thumbnail","hentry","category-katrezultatitekmovanj"],"_links":{"self":[{"href":"https:\/\/adbled.si\/index.php?rest_route=\/wp\/v2\/posts\/67","targetHints":{"allow":["GET"]}}],"collection":[{"href":"https:\/\/adbled.si\/index.php?rest_route=\/wp\/v2\/posts"}],"about":[{"href":"https:\/\/adbled.si\/index.php?rest_route=\/wp\/v2\/types\/post"}],"author":[{"embeddable":true,"href":"https:\/\/adbled.si\/index.php?rest_route=\/wp\/v2\/users\/6"}],"replies":[{"embeddable":true,"href":"https:\/\/adbled.si\/index.php?rest_route=%2Fwp%2Fv2%2Fcomments&post=67"}],"version-history":[{"count":1,"href":"https:\/\/adbled.si\/index.php?rest_route=\/wp\/v2\/posts\/67\/revisions"}],"predecessor-version":[{"id":2767,"href":"https:\/\/adbled.si\/index.php?rest_route=\/wp\/v2\/posts\/67\/revisions\/2767"}],"wp:featuredmedia":[{"embeddable":true,"href":"https:\/\/adbled.si\/index.php?rest_route=\/wp\/v2\/media\/2766"}],"wp:attachment":[{"href":"https:\/\/adbled.si\/index.php?rest_route=%2Fwp%2Fv2%2Fmedia&parent=67"}],"wp:term":[{"taxonomy":"category","embeddable":true,"href":"https:\/\/adbled.si\/index.php?rest_route=%2Fwp%2Fv2%2Fcategories&post=67"},{"taxonomy":"post_tag","embeddable":true,"href":"https:\/\/adbled.si\/index.php?rest_route=%2Fwp%2Fv2%2Ftags&post=67"}],"curies":[{"name":"wp","href":"https:\/\/api.w.org\/{rel}","templated":true}]}}