{"id":66,"date":"2014-01-21T15:04:25","date_gmt":"2014-01-21T14:04:25","guid":{"rendered":"https:\/\/adbled.si\/wp\/?p=66"},"modified":"2023-07-01T12:26:49","modified_gmt":"2023-07-01T10:26:49","slug":"odlicen-nastop-ad-bled-na-prvenstvu-slovenije-v-dvorani-u14-v-slovenski-bistrici","status":"publish","type":"post","link":"https:\/\/adbled.si\/?p=66","title":{"rendered":"Odli\u010den nastop AD Bled na Prvenstvu Slovenije v dvorani &#8211; U14 v Slovenski Bistrici"},"content":{"rendered":"<div style=\"color: #222222; font-family: arial, sans-serif; font-size: 13.333333969116211px; font-style: normal; font-variant: normal; line-height: normal; background-color: #ffffff;\"><span style=\"font-family: arial, helvetica, sans-serif; font-size: 14pt;\">Odli\u010den nastop AD Bled na Prvenstvu Slovenije v dvorani\u00a0&#8211; U14 v Slovenski Bistrici<\/span><\/div>\n<div style=\"color: #222222; font-family: arial, sans-serif; font-size: 13.333333969116211px; font-style: normal; font-variant: normal; line-height: normal; background-color: #ffffff;\"><\/div>\n<div style=\"color: #222222; font-family: arial, sans-serif; font-size: 13.333333969116211px; font-style: normal; font-variant: normal; line-height: normal; background-color: #ffffff;\"><span style=\"font-family: arial, helvetica, sans-serif; font-size: x-small;\">\u00a0<\/span><\/div>\n<div style=\"color: #222222; font-family: arial, sans-serif; font-size: 13.333333969116211px; font-style: normal; font-variant: normal; line-height: normal; background-color: #ffffff;\"><span style=\"font-family: arial, helvetica, sans-serif; font-size: 10pt;\">Atleta ATLETSKEGA DRU\u0160TVA BLED &#8211; <span style=\"text-decoration: underline;\">Jon \u0160tular<\/span> in <span style=\"text-decoration: underline;\">\u017dan \u017diga Le\u0161njak<\/span> &#8211; sta se v nedeljo, 19. 1. 2014, udele\u017eila Prvenstva Slovenije v dvorani za pionirje\/pionirke U14 v Slovenski Bistrici.\u00a0<\/span><\/div>\n<div style=\"color: #222222; font-family: arial, sans-serif; font-size: 13.333333969116211px; font-style: normal; font-variant: normal; line-height: normal; background-color: #ffffff;\"><span style=\"font-family: arial, helvetica, sans-serif; font-size: 10pt;\">\u00a0<\/span><\/div>\n<div style=\"color: #222222; font-family: arial, sans-serif; font-size: 13.333333969116211px; font-style: normal; font-variant: normal; line-height: normal; background-color: #ffffff;\"><span style=\"font-family: arial, helvetica, sans-serif; font-size: 10pt;\">Mlada atleta sta pridno trenirala v zimskem pripravljalnem \u010dasu na \u0161tadionu na Bledu, kar se je pokazalo tudi pri rezultatih in dose\u017eenih mestih. Oba atleta sta izbolj\u0161ala osebne rekorde, kar je pohvalno in spodbudno za nadaljnja tekmovanja.<\/span><\/div>\n<div style=\"color: #222222; font-family: arial, sans-serif; font-size: 13.333333969116211px; font-style: normal; font-variant: normal; line-height: normal; background-color: #ffffff;\"><span style=\"font-family: arial, helvetica, sans-serif; font-size: 10pt;\">\u00a0<\/span><\/div>\n<div style=\"color: #222222; font-family: arial, sans-serif; font-size: 13.333333969116211px; font-style: normal; font-variant: normal; line-height: normal; background-color: #ffffff;\"><span style=\"font-family: arial, helvetica, sans-serif; font-size: 10pt;\">V Slovenski Bistrici je bilo prvo atletsko tekmovanje za U14 v letu 2014 in AD Bled ima \u017ee dr\u017eavnega prvaka.<\/span><\/div>\n<div style=\"color: #222222; font-family: arial, sans-serif; font-size: 13.333333969116211px; font-style: normal; font-variant: normal; line-height: normal; background-color: #ffffff;\"><span style=\"font-family: arial, helvetica, sans-serif; font-size: 10pt;\">\u00a0<\/span><\/div>\n<div style=\"color: #222222; font-family: arial, sans-serif; font-size: 13.333333969116211px; font-style: normal; font-variant: normal; line-height: normal; background-color: #ffffff;\"><span style=\"font-family: arial, helvetica, sans-serif; font-size: 10pt;\">Jon \u0160tular (l.2001) je z dvema odli\u010dnima nastopoma kar dvakrat stopil na stopni\u010dke za zmagovalce. V skoku v daljino je z dose\u017eenimi 570 cm prepri\u010dljivo premagal konkurenco in le 14 cm mu je zmanjkalo do novega dr\u017eavnega rekorda v skoku v daljino v dvorani. V teku na 60m se je v predteku gladko uvrstil veliki finale, kjer je s tekom pod mejo 8 sekund\u00a0zasedel odli\u010dno drugo mesto.\u00a0\u017dan \u017diga Le\u0161njak (l.2002) je izbolj\u0161al osebna rekorda v teku na 60m in skoku v daljino ter\u00a0se uvrstil v zlato sredino nastopajo\u010dih atletov.<\/span><\/div>\n<div style=\"color: #222222; font-family: arial, sans-serif; font-size: 13.333333969116211px; font-style: normal; font-variant: normal; line-height: normal; background-color: #ffffff;\"><span style=\"font-family: arial, helvetica, sans-serif; font-size: 10pt;\">\u00a0<\/span><\/div>\n<div style=\"color: #222222; font-family: arial, sans-serif; font-size: 13.333333969116211px; font-style: normal; font-variant: normal; line-height: normal; background-color: #ffffff;\"><span style=\"font-family: arial, helvetica, sans-serif; font-size: 10pt;\">Jonu in \u017dan \u017digu \u010destitamo za odli\u010dne nastope v Slovenski Bistrici ter nestrpno pri\u010dakujemo naslednje atletsko tekmovanje!<\/span><\/div>\n<div style=\"color: #222222; font-family: arial, sans-serif; font-size: 13.333333969116211px; font-style: normal; font-variant: normal; line-height: normal; background-color: #ffffff;\"><span style=\"font-family: arial, helvetica, sans-serif;\">\u00a0<\/span><\/div>\n<div style=\"color: #222222; font-family: arial, sans-serif; font-size: 13.333333969116211px; font-style: normal; font-variant: normal; line-height: normal; background-color: #ffffff;\"><span style=\"font-family: arial, helvetica, sans-serif;\">\u00a0<\/span><\/div>\n<div style=\"color: #222222; font-family: arial, sans-serif; font-size: 13.333333969116211px; font-style: normal; font-variant: normal; line-height: normal; background-color: #ffffff;\"><span style=\"font-family: arial, helvetica, sans-serif; font-size: x-small;\">\u0160portni pozdrav!<\/span><\/div>\n<div style=\"color: #222222; font-family: arial, sans-serif; font-size: 13.333333969116211px; font-style: normal; font-variant: normal; line-height: normal; background-color: #ffffff;\"><span style=\"font-family: arial, helvetica, sans-serif;\">\u00a0<\/span><\/div>\n<div style=\"color: #222222; font-family: arial, sans-serif; font-size: 13.333333969116211px; font-style: normal; font-variant: normal; line-height: normal; background-color: #ffffff;\"><span style=\"font-family: arial, helvetica, sans-serif; font-size: x-small;\">\u00a0\u00a0\u00a0\u00a0\u00a0\u00a0\u00a0\u00a0\u00a0\u00a0\u00a0\u00a0\u00a0\u00a0\u00a0\u00a0\u00a0\u00a0\u00a0\u00a0\u00a0\u00a0\u00a0 AD Bled\u00a0<\/span><\/div>\n<div style=\"color: #222222; font-family: arial, sans-serif; font-size: 13.333333969116211px; font-style: normal; font-variant: normal; line-height: normal; background-color: #ffffff;\"><span style=\"font-family: arial, helvetica, sans-serif;\">\u00a0<\/span><\/div>\n","protected":false},"excerpt":{"rendered":"<p>Odli\u010den nastop AD Bled na Prvenstvu Slovenije v dvorani\u00a0&#8211; U14 v Slovenski Bistrici \u00a0 Atleta ATLETSKEGA DRU\u0160TVA BLED &#8211; Jon \u0160tular in \u017dan \u017diga Le\u0161njak &#8211; sta se v nedeljo, 19. 1. 2014, udele\u017eila Prvenstva Slovenije v dvorani za pionirje\/pionirke U14 v Slovenski Bistrici.\u00a0 \u00a0 Mlada atleta sta pridno trenirala v zimskem pripravljalnem \u010dasu na [&hellip;]<\/p>\n","protected":false},"author":6,"featured_media":2768,"comment_status":"open","ping_status":"closed","sticky":false,"template":"","format":"standard","meta":{"footnotes":""},"categories":[6],"tags":[],"class_list":["post-66","post","type-post","status-publish","format-standard","has-post-thumbnail","hentry","category-katrezultatitekmovanj"],"_links":{"self":[{"href":"https:\/\/adbled.si\/index.php?rest_route=\/wp\/v2\/posts\/66","targetHints":{"allow":["GET"]}}],"collection":[{"href":"https:\/\/adbled.si\/index.php?rest_route=\/wp\/v2\/posts"}],"about":[{"href":"https:\/\/adbled.si\/index.php?rest_route=\/wp\/v2\/types\/post"}],"author":[{"embeddable":true,"href":"https:\/\/adbled.si\/index.php?rest_route=\/wp\/v2\/users\/6"}],"replies":[{"embeddable":true,"href":"https:\/\/adbled.si\/index.php?rest_route=%2Fwp%2Fv2%2Fcomments&post=66"}],"version-history":[{"count":2,"href":"https:\/\/adbled.si\/index.php?rest_route=\/wp\/v2\/posts\/66\/revisions"}],"predecessor-version":[{"id":2770,"href":"https:\/\/adbled.si\/index.php?rest_route=\/wp\/v2\/posts\/66\/revisions\/2770"}],"wp:featuredmedia":[{"embeddable":true,"href":"https:\/\/adbled.si\/index.php?rest_route=\/wp\/v2\/media\/2768"}],"wp:attachment":[{"href":"https:\/\/adbled.si\/index.php?rest_route=%2Fwp%2Fv2%2Fmedia&parent=66"}],"wp:term":[{"taxonomy":"category","embeddable":true,"href":"https:\/\/adbled.si\/index.php?rest_route=%2Fwp%2Fv2%2Fcategories&post=66"},{"taxonomy":"post_tag","embeddable":true,"href":"https:\/\/adbled.si\/index.php?rest_route=%2Fwp%2Fv2%2Ftags&post=66"}],"curies":[{"name":"wp","href":"https:\/\/api.w.org\/{rel}","templated":true}]}}