{"id":65,"date":"2014-01-21T15:02:00","date_gmt":"2014-01-21T14:02:00","guid":{"rendered":"https:\/\/adbled.si\/wp\/?p=65"},"modified":"2023-07-01T12:28:20","modified_gmt":"2023-07-01T10:28:20","slug":"prve-stopnicke-v-letu-2014-za-ad-bled-na-mednarodnem-mitingu-v-slovenski-bistrici","status":"publish","type":"post","link":"https:\/\/adbled.si\/?p=65","title":{"rendered":"Prve stopni\u010dke v letu 2014 za AD Bled na &#8220;Mednarodnem mitingu v Slovenski Bistrici&#8221;"},"content":{"rendered":"<div style=\"color: #222222; font-family: arial, sans-serif; font-size: 13.333333969116211px; font-style: normal; font-variant: normal; line-height: normal; background-color: #ffffff;\"><span style=\"font-family: Arial; font-size: 14pt;\">Prve stopni\u010dke v letu 2014 za AD Bled na &#8220;Mednarodnem\u00a0mitingu v Slovenski Bistrici&#8221;<\/span><\/div>\n<div style=\"color: #222222; font-family: arial, sans-serif; font-size: 13.333333969116211px; font-style: normal; font-variant: normal; line-height: normal; background-color: #ffffff;\"><\/div>\n<div style=\"color: #222222; font-family: arial, sans-serif; font-size: 13.333333969116211px; font-style: normal; font-variant: normal; line-height: normal; background-color: #ffffff;\"><span style=\"font-family: Arial; font-size: 10pt;\">Atletinje in atleti ATLETSKEGA DRU\u0160TVA BLED so\u00a0v nedeljo, 19. 1. 2014, odprli\u00a0atletsko tekmovalno sezono v letu 2014. Udele\u017eili so se &#8220;Mednarodnega mitinga v dvorani&#8221; v Slovenski Bistrici, v organizaciji doma\u010dega atletskega dru\u0161tva.<\/span><\/div>\n<div style=\"color: #222222; font-family: arial, sans-serif; font-size: 13.333333969116211px; font-style: normal; font-variant: normal; line-height: normal; background-color: #ffffff;\"><span style=\"font-size: 10pt;\">\u00a0<\/span><\/div>\n<div style=\"color: #222222; font-family: arial, sans-serif; font-size: 13.333333969116211px; font-style: normal; font-variant: normal; line-height: normal; background-color: #ffffff;\"><span style=\"font-family: Arial; font-size: 10pt;\">Atletinja Maja Pristavec je v svoji paradni disciplini 60m\/ovire z odli\u010dnim tekom v kategoriji \u010dlanice osvojila 2. mesto in tako \u017ee v prvi tekmi stopila na stopni\u010dke. Atletu Mitji Nu\u010di\u010d je zelo dobro uspel tek na 60m\/\u010dlani in se z devetim \u010dasom prebil v &#8220;B&#8221; finale. V malem finalu je svoj \u010das iz predteka \u017ee izbolj\u0161al, kar je dobra napoved za nadaljevanje atletske sezone.<\/span><\/div>\n<div style=\"color: #222222; font-family: arial, sans-serif; font-size: 13.333333969116211px; font-style: normal; font-variant: normal; line-height: normal; background-color: #ffffff;\"><span style=\"font-size: 10pt;\">\u00a0<\/span><\/div>\n<div style=\"color: #222222; font-family: arial, sans-serif; font-size: 13.333333969116211px; font-style: normal; font-variant: normal; line-height: normal; background-color: #ffffff;\"><span style=\"font-family: Arial; font-size: 10pt;\">Atletinje Tajda Rehberger, Maja Pristavec in Ur\u0161a Le\u0161njak so nastopile v teku na 60m\/\u010dlanice in se uvrstile v &#8220;zlato&#8221; sredino tekmovalk. Vsi rezultati so razvidni na straneh AZS.<\/span><\/div>\n<div style=\"color: #222222; font-family: arial, sans-serif; font-size: 13.333333969116211px; font-style: normal; font-variant: normal; line-height: normal; background-color: #ffffff;\"><span style=\"font-size: 10pt;\">\u00a0<\/span><\/div>\n<div style=\"color: #222222; font-family: arial, sans-serif; font-size: 13.333333969116211px; font-style: normal; font-variant: normal; line-height: normal; background-color: #ffffff;\"><span style=\"font-family: Arial; font-size: 10pt;\">Vsi atleti AD Bled so\u00a0v zimskem \u010dasu na \u0161tadionu na Bledu pridno in vestno trenirali, dobra forma pa\u00a0se je takoj pokazala na\u00a0mednarodnem mitingu.<\/span><\/div>\n<div style=\"color: #222222; font-family: arial, sans-serif; font-size: 13.333333969116211px; font-style: normal; font-variant: normal; line-height: normal; background-color: #ffffff;\"><span style=\"font-size: 10pt;\">\u00a0<\/span><\/div>\n<div style=\"color: #222222; font-family: arial, sans-serif; font-size: 13.333333969116211px; font-style: normal; font-variant: normal; line-height: normal; background-color: #ffffff;\"><span style=\"font-family: Arial; font-size: 10pt;\">Vsem atletinjam in atletu \u010destitamo za dose\u017eene rezultate in z nestrpnostjo pri\u010dakujemo prihajajo\u010do atletsko sezono 2014.\u00a0<\/span><\/div>\n<div style=\"color: #222222; font-family: arial, sans-serif; font-size: 13.333333969116211px; font-style: normal; font-variant: normal; line-height: normal; background-color: #ffffff;\"><span style=\"font-size: 12pt;\">\u00a0<\/span><\/div>\n<div style=\"color: #222222; font-family: arial, sans-serif; font-size: 13.333333969116211px; font-style: normal; font-variant: normal; line-height: normal; background-color: #ffffff;\"><\/div>\n<div style=\"color: #222222; font-family: arial, sans-serif; font-size: 13.333333969116211px; font-style: normal; font-variant: normal; line-height: normal; background-color: #ffffff;\"><span style=\"font-family: Arial; font-size: x-small;\">\u0160portni pozdrav!\u00a0<\/span><\/div>\n<div style=\"color: #222222; font-family: arial, sans-serif; font-size: 13.333333969116211px; font-style: normal; font-variant: normal; line-height: normal; background-color: #ffffff;\"><\/div>\n<div style=\"color: #222222; font-family: arial, sans-serif; font-size: 13.333333969116211px; font-style: normal; font-variant: normal; line-height: normal; background-color: #ffffff;\"><span style=\"font-family: Arial; font-size: x-small;\">\u00a0\u00a0\u00a0\u00a0\u00a0\u00a0\u00a0\u00a0\u00a0\u00a0\u00a0\u00a0\u00a0\u00a0\u00a0\u00a0\u00a0\u00a0\u00a0\u00a0\u00a0\u00a0\u00a0 AD Bled\u00a0<\/span><\/div>\n<div style=\"color: #222222; font-family: arial, sans-serif; font-size: 13.333333969116211px; font-style: normal; font-variant: normal; line-height: normal; background-color: #ffffff;\"><\/div>\n","protected":false},"excerpt":{"rendered":"<p>Prve stopni\u010dke v letu 2014 za AD Bled na &#8220;Mednarodnem\u00a0mitingu v Slovenski Bistrici&#8221; Atletinje in atleti ATLETSKEGA DRU\u0160TVA BLED so\u00a0v nedeljo, 19. 1. 2014, odprli\u00a0atletsko tekmovalno sezono v letu 2014. Udele\u017eili so se &#8220;Mednarodnega mitinga v dvorani&#8221; v Slovenski Bistrici, v organizaciji doma\u010dega atletskega dru\u0161tva. \u00a0 Atletinja Maja Pristavec je v svoji paradni disciplini 60m\/ovire [&hellip;]<\/p>\n","protected":false},"author":6,"featured_media":0,"comment_status":"open","ping_status":"closed","sticky":false,"template":"","format":"standard","meta":{"footnotes":""},"categories":[6],"tags":[],"class_list":["post-65","post","type-post","status-publish","format-standard","hentry","category-katrezultatitekmovanj"],"_links":{"self":[{"href":"https:\/\/adbled.si\/index.php?rest_route=\/wp\/v2\/posts\/65","targetHints":{"allow":["GET"]}}],"collection":[{"href":"https:\/\/adbled.si\/index.php?rest_route=\/wp\/v2\/posts"}],"about":[{"href":"https:\/\/adbled.si\/index.php?rest_route=\/wp\/v2\/types\/post"}],"author":[{"embeddable":true,"href":"https:\/\/adbled.si\/index.php?rest_route=\/wp\/v2\/users\/6"}],"replies":[{"embeddable":true,"href":"https:\/\/adbled.si\/index.php?rest_route=%2Fwp%2Fv2%2Fcomments&post=65"}],"version-history":[{"count":1,"href":"https:\/\/adbled.si\/index.php?rest_route=\/wp\/v2\/posts\/65\/revisions"}],"predecessor-version":[{"id":2771,"href":"https:\/\/adbled.si\/index.php?rest_route=\/wp\/v2\/posts\/65\/revisions\/2771"}],"wp:attachment":[{"href":"https:\/\/adbled.si\/index.php?rest_route=%2Fwp%2Fv2%2Fmedia&parent=65"}],"wp:term":[{"taxonomy":"category","embeddable":true,"href":"https:\/\/adbled.si\/index.php?rest_route=%2Fwp%2Fv2%2Fcategories&post=65"},{"taxonomy":"post_tag","embeddable":true,"href":"https:\/\/adbled.si\/index.php?rest_route=%2Fwp%2Fv2%2Ftags&post=65"}],"curies":[{"name":"wp","href":"https:\/\/api.w.org\/{rel}","templated":true}]}}