{"id":62,"date":"2013-09-20T23:39:58","date_gmt":"2013-09-20T21:39:58","guid":{"rendered":"https:\/\/adbled.si\/wp\/?p=62"},"modified":"2013-09-20T23:39:58","modified_gmt":"2013-09-20T21:39:58","slug":"prvenstva-slovenije-za-pionirje-in-pionirke-u14-in-u12","status":"publish","type":"post","link":"https:\/\/adbled.si\/?p=62","title":{"rendered":"Prvenstvo Slovenije za pionirje in pionirke U14 in U12"},"content":{"rendered":"<h2><span size=\"2\" face=\"Arial\" style=\"font-family: 'arial black', 'avant garde'; font-size: x-small;\"><span size=\"2\" face=\"Arial\" style=\"font-family: 'arial black', 'avant garde'; font-size: x-small;\"><span size=\"2\" face=\"Arial\" style=\"font-family: 'arial black', 'avant garde'; font-size: x-small;\">&nbsp;<\/span><\/span><\/span><\/h2>\n<p><span size=\"2\" face=\"Arial\" style=\"font-family: 'arial black', 'avant garde'; font-size: 12pt;\"><span size=\"2\" face=\"Arial\" style=\"font-family: 'arial black', 'avant garde';\"><span size=\"2\" face=\"Arial\" style=\"font-family: 'arial black', 'avant garde';\">Prvenstvo Slovenije za pionirje in pionirke U14 in U12<\/span><\/span><\/span><\/p>\n<p><span size=\"2\" face=\"Arial\" style=\"font-family: 'arial black', 'avant garde'; font-size: x-small;\"><span size=\"2\" face=\"Arial\" style=\"font-family: 'arial black', 'avant garde'; font-size: x-small;\"><span size=\"2\" face=\"Arial\" style=\"font-family: 'arial black', 'avant garde'; font-size: x-small;\">&nbsp;<\/span><\/span><\/span><\/p>\n<p style=\"color: #222222; font-family: arial, sans-serif; font-size: 12.800000190734863px; font-style: normal; font-variant: normal; line-height: normal; background-color: #ffffff;\"><span size=\"2\" face=\"Arial\" style=\"font-family: Arial; font-size: x-small;\"><span style=\"font-size: 11pt; font-family: Arial;\">Atletinje in atleta&nbsp;<b><span style=\"font-weight: bold;\">ATLETSKEGA DRU\u0160TVA BLED<\/span><\/b>&nbsp;so se v soboto, 14. 9.&nbsp;<span style=\"text-decoration: underline;\"><\/span>2013, in<span style=\"text-decoration: underline;\"><\/span>&nbsp;nedeljo, 15. 9. 2013, udele\u017eili Prvenstva Slovenije za pionirje in pionirke U14 in U12. Atletsko tekmovanje je potekalo v Postojni, v organizaciji AK Postojna.<span style=\"text-decoration: underline;\"><\/span><span style=\"text-decoration: underline;\"><\/span><\/span><\/span><\/p>\n<p style=\"color: #222222; font-family: arial, sans-serif; font-size: 12.800000190734863px; font-style: normal; font-variant: normal; line-height: normal; background-color: #ffffff;\"><span size=\"2\" face=\"Arial\" style=\"font-family: Arial; font-size: x-small;\"><span style=\"font-size: 11pt; font-family: Arial;\"><span style=\"text-decoration: underline;\"><\/span>&nbsp;<span style=\"text-decoration: underline;\"><\/span><\/span><\/span><\/p>\n<p style=\"color: #222222; font-family: arial, sans-serif; font-size: 12.800000190734863px; font-style: normal; font-variant: normal; line-height: normal; background-color: #ffffff;\"><span size=\"2\" face=\"Arial\" style=\"font-family: Arial; font-size: x-small;\"><span style=\"font-size: 11pt; font-family: Arial;\">Prvi dan Prvenstva Slovenije v Postojni so nastopili vsi na\u0161i mladi atleti. Jon \u0160tular U14 je v teku na&nbsp;<span style=\"text-decoration: underline;\"><\/span>200 m<span style=\"text-decoration: underline;\"><\/span>&nbsp;zasedel 14. mesto, Tinkara Piber U14 pa 24. mesto na isti razdalji. \u017dan \u017diga Le\u0161njak je v teku na 60m zasedel 7. mesto in si pritekel tudi \u00bbB\u00ab finale. V daljino sta skakali Katarina Gradnik U12 in Sara Slamnik U12. Katarina je zasedla odli\u010dno 6. mesto, Sara pa 12. Katarina je v teku na&nbsp;<span style=\"text-decoration: underline;\"><\/span>60 m<span style=\"text-decoration: underline;\"><\/span>&nbsp;zasedla 9. mesto in si tako pritekla mali finale, Sara pa je na 60 metrski razdalji zasedla 23. mesto. &nbsp;<span style=\"text-decoration: underline;\"><\/span><span style=\"text-decoration: underline;\"><\/span><\/span><\/span><\/p>\n<p style=\"color: #222222; font-family: arial, sans-serif; font-size: 12.800000190734863px; font-style: normal; font-variant: normal; line-height: normal; background-color: #ffffff;\"><span size=\"2\" face=\"Arial\" style=\"font-family: Arial; font-size: x-small;\"><span style=\"font-size: 11pt; font-family: Arial;\"><span style=\"text-decoration: underline;\"><\/span>&nbsp;<span style=\"text-decoration: underline;\"><\/span><\/span><\/span><\/p>\n<p style=\"color: #222222; font-family: arial, sans-serif; font-size: 12.800000190734863px; font-style: normal; font-variant: normal; line-height: normal; background-color: #ffffff;\"><span size=\"2\" face=\"Arial\" style=\"font-family: Arial; font-size: x-small;\"><span style=\"font-size: 11pt; font-family: Arial;\">Drugi dan je vreme organizatorju malo ponagajalo, kljub temu pa so bili dose\u017eeni odli\u010dni rezultati. Na tartanski stezi smo imeli dva pionirja AD Bled. Jon je v teku&nbsp;<span style=\"text-decoration: underline;\"><\/span>60 m<span style=\"text-decoration: underline;\"><\/span>&nbsp;zasedel 8. mesto in tako pritekel \u017ee tretje \u00bbB\u00ab finale na Prvenstvu Slovenije. Odli\u010dno je polovico atletskega kroga odtekel \u017dan \u017diga ter zasedel 7. mesto.<span style=\"text-decoration: underline;\"><\/span><span style=\"text-decoration: underline;\"><\/span><\/span><\/span><\/p>\n<p style=\"color: #222222; font-family: arial, sans-serif; font-size: 12.800000190734863px; font-style: normal; font-variant: normal; line-height: normal; background-color: #ffffff;\"><span size=\"2\" face=\"Arial\" style=\"font-family: Arial; font-size: x-small;\"><span style=\"font-size: 11pt; font-family: Arial;\"><span style=\"text-decoration: underline;\"><\/span>&nbsp;<span style=\"text-decoration: underline;\"><\/span><\/span><\/span><\/p>\n<p style=\"color: #222222; font-family: arial, sans-serif; font-size: 12.800000190734863px; font-style: normal; font-variant: normal; line-height: normal; background-color: #ffffff;\"><span size=\"2\" face=\"Arial\" style=\"font-family: Arial; font-size: x-small;\"><span style=\"font-size: 11pt; font-family: Arial;\">Vsem atletom za odli\u010dne nastope \u010destitamo in se \u017ee veselimo novih uspeh \u2013 \u017ee na tradicionalnem tekmovanju \u00bb6. atletski miting Zvezde prihodnosti Bled 2013\u00ab, v soboto, 28. 9. 2013.<span style=\"text-decoration: underline;\"><\/span><span style=\"text-decoration: underline;\"><\/span><\/span><\/span><\/p>\n<p style=\"color: #222222; font-family: arial, sans-serif; font-size: 12.800000190734863px; font-style: normal; font-variant: normal; line-height: normal; background-color: #ffffff;\"><span size=\"2\" face=\"Arial\" style=\"font-family: Arial; font-size: x-small;\"><span style=\"font-size: 11pt; font-family: Arial;\"><span style=\"text-decoration: underline;\"><\/span>&nbsp;<span style=\"text-decoration: underline;\"><\/span><\/span><\/span><\/p>\n<p style=\"color: #222222; font-family: arial, sans-serif; font-size: 12.800000190734863px; font-style: normal; font-variant: normal; line-height: normal; background-color: #ffffff;\"><span size=\"2\" face=\"Arial\" style=\"font-family: Arial; font-size: x-small;\"><span style=\"font-size: 11pt; font-family: Arial;\"><span style=\"text-decoration: underline;\"><\/span>&nbsp;<span style=\"text-decoration: underline;\"><\/span><\/span><\/span><\/p>\n<p style=\"color: #222222; font-family: arial, sans-serif; font-size: 12.800000190734863px; font-style: normal; font-variant: normal; line-height: normal; background-color: #ffffff;\"><span size=\"2\" face=\"Arial\" style=\"font-family: Arial; font-size: x-small;\"><span style=\"font-size: 11pt; font-family: Arial;\">\u0160portni pozdrav!<\/span><\/span><\/p>\n","protected":false},"excerpt":{"rendered":"<p>&nbsp; Prvenstvo Slovenije za pionirje in pionirke U14 in U12 &nbsp; Atletinje in atleta&nbsp;ATLETSKEGA DRU\u0160TVA BLED&nbsp;so se v soboto, 14. 9.&nbsp;2013, in&nbsp;nedeljo, 15. 9. 2013, udele\u017eili Prvenstva Slovenije za pionirje in pionirke U14 in U12. Atletsko tekmovanje je potekalo v Postojni, v organizaciji AK Postojna. &nbsp; Prvi dan Prvenstva Slovenije v Postojni so nastopili vsi [&hellip;]<\/p>\n","protected":false},"author":6,"featured_media":0,"comment_status":"open","ping_status":"closed","sticky":false,"template":"","format":"standard","meta":{"footnotes":""},"categories":[6],"tags":[],"class_list":["post-62","post","type-post","status-publish","format-standard","hentry","category-katrezultatitekmovanj"],"_links":{"self":[{"href":"https:\/\/adbled.si\/index.php?rest_route=\/wp\/v2\/posts\/62","targetHints":{"allow":["GET"]}}],"collection":[{"href":"https:\/\/adbled.si\/index.php?rest_route=\/wp\/v2\/posts"}],"about":[{"href":"https:\/\/adbled.si\/index.php?rest_route=\/wp\/v2\/types\/post"}],"author":[{"embeddable":true,"href":"https:\/\/adbled.si\/index.php?rest_route=\/wp\/v2\/users\/6"}],"replies":[{"embeddable":true,"href":"https:\/\/adbled.si\/index.php?rest_route=%2Fwp%2Fv2%2Fcomments&post=62"}],"version-history":[{"count":0,"href":"https:\/\/adbled.si\/index.php?rest_route=\/wp\/v2\/posts\/62\/revisions"}],"wp:attachment":[{"href":"https:\/\/adbled.si\/index.php?rest_route=%2Fwp%2Fv2%2Fmedia&parent=62"}],"wp:term":[{"taxonomy":"category","embeddable":true,"href":"https:\/\/adbled.si\/index.php?rest_route=%2Fwp%2Fv2%2Fcategories&post=62"},{"taxonomy":"post_tag","embeddable":true,"href":"https:\/\/adbled.si\/index.php?rest_route=%2Fwp%2Fv2%2Ftags&post=62"}],"curies":[{"name":"wp","href":"https:\/\/api.w.org\/{rel}","templated":true}]}}