{"id":55,"date":"2013-07-12T01:07:04","date_gmt":"2013-07-11T23:07:04","guid":{"rendered":"https:\/\/adbled.si\/wp\/?p=55"},"modified":"2023-07-01T12:46:45","modified_gmt":"2023-07-01T10:46:45","slug":"dva-drzavna-prvaka-ad-bled-na-prvenstu-slovenije-v-mariboru","status":"publish","type":"post","link":"https:\/\/adbled.si\/?p=55","title":{"rendered":"Dva dr\u017eavna prvaka AD Bled na Prvenstvu Slovenije v Mariboru"},"content":{"rendered":"<h3><span style=\"font-family: arial, helvetica, sans-serif;\">Dva dr\u017eavna prvaka AD Bled na Prvenstvu Slovenije v Mariboru<\/span><\/h3>\n<p>V Mariboru je v preteklem vikendu 6. 7. 2013 in 7. 7. 2013 potekalo atletsko tekmovanje \u2013 Prvenstvo Slovenije za starej\u0161e mladince in starej\u0161e mladinke, v organizaciji Atletskega kluba Poljane Maribor.<\/p>\n<p>Na Prvenstvu Slovenije so odli\u010dno nastopili tudi trije mladinci Atletskega dru\u0161tva Bled \u2013Maja, Lara in Elvis.<\/p>\n<p>Elvis Kudi\u010d je v svoji paradni disciplini tek 110 m\/ovire s \u010dasom 16.14s pometel s konkurenco in osvojil naslov dr\u017eavnega prvaka. Starej\u0161a mladinka Maja Pristavec je bila v teku 100m\/ovire brez konkurence in s \u010dasom 15,92s osvojila naslov dr\u017eavne prvakinje. Maja je nastopila \u0161e v skoku v vi\u0161ini, kjer je osvojila osmo mesto, in v skoku v daljino. S presko\u010denimi 4.85m je osvojila deveto mesto.<\/p>\n<p>Mladinka Kupljenik Lara je nastopila v teku na 100m in s \u010dasom 13.79s osvojila 15. mesto.<\/p>\n<p>Vsem nastopajo\u010dim za dose\u017eene rezultate \u010destitamo!<\/p>\n<p><img loading=\"lazy\" decoding=\"async\" src=\"images\/IMG_1863.JPG\" width=\"455\" height=\"338\" alt=\"IMG 1863\" style=\"display: block; margin-left: auto; margin-right: auto;\"><\/p>\n<p>&nbsp;<\/p>\n","protected":false},"excerpt":{"rendered":"<p>Dva dr\u017eavna prvaka AD Bled na Prvenstvu Slovenije v Mariboru V Mariboru je v preteklem vikendu 6. 7. 2013 in 7. 7. 2013 potekalo atletsko tekmovanje \u2013 Prvenstvo Slovenije za starej\u0161e mladince in starej\u0161e mladinke, v organizaciji Atletskega kluba Poljane Maribor. Na Prvenstvu Slovenije so odli\u010dno nastopili tudi trije mladinci Atletskega dru\u0161tva Bled \u2013Maja, Lara [&hellip;]<\/p>\n","protected":false},"author":6,"featured_media":2862,"comment_status":"open","ping_status":"closed","sticky":false,"template":"","format":"standard","meta":{"footnotes":""},"categories":[6],"tags":[],"class_list":["post-55","post","type-post","status-publish","format-standard","has-post-thumbnail","hentry","category-katrezultatitekmovanj"],"_links":{"self":[{"href":"https:\/\/adbled.si\/index.php?rest_route=\/wp\/v2\/posts\/55","targetHints":{"allow":["GET"]}}],"collection":[{"href":"https:\/\/adbled.si\/index.php?rest_route=\/wp\/v2\/posts"}],"about":[{"href":"https:\/\/adbled.si\/index.php?rest_route=\/wp\/v2\/types\/post"}],"author":[{"embeddable":true,"href":"https:\/\/adbled.si\/index.php?rest_route=\/wp\/v2\/users\/6"}],"replies":[{"embeddable":true,"href":"https:\/\/adbled.si\/index.php?rest_route=%2Fwp%2Fv2%2Fcomments&post=55"}],"version-history":[{"count":1,"href":"https:\/\/adbled.si\/index.php?rest_route=\/wp\/v2\/posts\/55\/revisions"}],"predecessor-version":[{"id":2863,"href":"https:\/\/adbled.si\/index.php?rest_route=\/wp\/v2\/posts\/55\/revisions\/2863"}],"wp:featuredmedia":[{"embeddable":true,"href":"https:\/\/adbled.si\/index.php?rest_route=\/wp\/v2\/media\/2862"}],"wp:attachment":[{"href":"https:\/\/adbled.si\/index.php?rest_route=%2Fwp%2Fv2%2Fmedia&parent=55"}],"wp:term":[{"taxonomy":"category","embeddable":true,"href":"https:\/\/adbled.si\/index.php?rest_route=%2Fwp%2Fv2%2Fcategories&post=55"},{"taxonomy":"post_tag","embeddable":true,"href":"https:\/\/adbled.si\/index.php?rest_route=%2Fwp%2Fv2%2Ftags&post=55"}],"curies":[{"name":"wp","href":"https:\/\/api.w.org\/{rel}","templated":true}]}}