{"id":49,"date":"2013-06-21T09:57:48","date_gmt":"2013-06-21T07:57:48","guid":{"rendered":"https:\/\/adbled.si\/wp\/?p=49"},"modified":"2013-06-21T09:57:48","modified_gmt":"2013-06-21T07:57:48","slug":"odlicen-nastop-ad-bled-na-odprtem-prvenstvu-gorenjske-2013-v-radovljici","status":"publish","type":"post","link":"https:\/\/adbled.si\/?p=49","title":{"rendered":"Odli\u010den nastop AD Bled na \u00bbOdprtem prvenstvu Gorenjske 2013\u00ab v Radovljici"},"content":{"rendered":"<h3><span style=\"font-family: 'arial', 'helvetica', sans-serif;\">Odli\u010den nastop AD Bled na \u00bbOdprtem prvenstvu Gorenjske 2013\u00ab v Radovljici<\/span><\/h3>\n<p>&nbsp;<\/p>\n<p>Mlade atletinje in mladi atleti Atletskega dru\u0161tva Bled so se \u017ee tradicionalno udele\u017eili atletskega tekmovanja v Radovljici \u2013 \u00bbOdprto prvenstvo Gorenjske 2013\u00ab, v organizaciji doma\u010dega atletskega kluba. \u0160portno tekmovanje se je odvijalo v soboto, 15. 6. 2013, v lepem, son\u010dnem in vro\u010dem vremenu.<\/p>\n<p>Atleti so pokazali dobro pripravljenost in \u017eeljo po tekmovanju. Poleg odli\u010dnih rezultatov so tudi \u0161estkrat stopili na stopni\u010dke za zmagovalce.<\/p>\n<p>Rezultati:<br \/>&#8211; \u0160tular Jon (U14) \u2013 2. mesto daljina (5.17m) in 3. mesto 60m, z odli\u010dnim \u010dasom 8.18s,<br \/>&#8211; Slamnik Sara (U12) \u2013 2. mesto 200m in 3. mesto daljina (4.21m),<br \/>&#8211; Kej\u017ear Jan (U10) \u2013 3. mesto 60m,<br \/>&#8211; Kej\u017ear Nika (U10) \u2013 3. mesto 60m, 5. mesto daljina,<br \/>&#8211; Le\u0161njak \u017dan \u017diga (U12) \u2013 4. mesto 200m in 5. mesto 60m,<br \/>&#8211; Crnovi\u010d Nina (U10) \u2013 4. mesto 60m, 7. mesto daljina,<br \/>&#8211; Pristavec Nika (U16) \u2013 9. mesto 300m,<br \/>&#8211; Kon\u010dar Ur\u0161ka (U10) \u2013 9. mesto 60m, 13. mesto daljina.<\/p>\n<p>Celotni rezultati so objavljeni na internetni strani Atletske zveze Slovenije.<\/p>\n<p>Vsem nastopajo\u010dim atletom \u010destitamo za dose\u017eene rezultate.<\/p>\n<p>\u0160portni pozdrav!<\/p>\n<p> AD Bled<\/p>\n","protected":false},"excerpt":{"rendered":"<p>Odli\u010den nastop AD Bled na \u00bbOdprtem prvenstvu Gorenjske 2013\u00ab v Radovljici &nbsp; Mlade atletinje in mladi atleti Atletskega dru\u0161tva Bled so se \u017ee tradicionalno udele\u017eili atletskega tekmovanja v Radovljici \u2013 \u00bbOdprto prvenstvo Gorenjske 2013\u00ab, v organizaciji doma\u010dega atletskega kluba. \u0160portno tekmovanje se je odvijalo v soboto, 15. 6. 2013, v lepem, son\u010dnem in vro\u010dem vremenu. [&hellip;]<\/p>\n","protected":false},"author":6,"featured_media":0,"comment_status":"open","ping_status":"closed","sticky":false,"template":"","format":"standard","meta":{"footnotes":""},"categories":[6],"tags":[],"class_list":["post-49","post","type-post","status-publish","format-standard","hentry","category-katrezultatitekmovanj"],"_links":{"self":[{"href":"https:\/\/adbled.si\/index.php?rest_route=\/wp\/v2\/posts\/49","targetHints":{"allow":["GET"]}}],"collection":[{"href":"https:\/\/adbled.si\/index.php?rest_route=\/wp\/v2\/posts"}],"about":[{"href":"https:\/\/adbled.si\/index.php?rest_route=\/wp\/v2\/types\/post"}],"author":[{"embeddable":true,"href":"https:\/\/adbled.si\/index.php?rest_route=\/wp\/v2\/users\/6"}],"replies":[{"embeddable":true,"href":"https:\/\/adbled.si\/index.php?rest_route=%2Fwp%2Fv2%2Fcomments&post=49"}],"version-history":[{"count":0,"href":"https:\/\/adbled.si\/index.php?rest_route=\/wp\/v2\/posts\/49\/revisions"}],"wp:attachment":[{"href":"https:\/\/adbled.si\/index.php?rest_route=%2Fwp%2Fv2%2Fmedia&parent=49"}],"wp:term":[{"taxonomy":"category","embeddable":true,"href":"https:\/\/adbled.si\/index.php?rest_route=%2Fwp%2Fv2%2Fcategories&post=49"},{"taxonomy":"post_tag","embeddable":true,"href":"https:\/\/adbled.si\/index.php?rest_route=%2Fwp%2Fv2%2Ftags&post=49"}],"curies":[{"name":"wp","href":"https:\/\/api.w.org\/{rel}","templated":true}]}}