{"id":48,"date":"2013-06-21T09:56:56","date_gmt":"2013-06-21T07:56:56","guid":{"rendered":"https:\/\/adbled.si\/wp\/?p=48"},"modified":"2023-07-01T12:54:13","modified_gmt":"2023-07-01T10:54:13","slug":"5-zlata-liga-gorenjske-2013-v-zeleznikih","status":"publish","type":"post","link":"https:\/\/adbled.si\/?p=48","title":{"rendered":"5. Zlata liga Gorenjske 2013 v \u017deleznikih"},"content":{"rendered":"<p>Mladi atlet Atletskega dru\u0161tva Bled &#8211; \u017dan \u017diga Le\u0161njak (U12) se je v \u010detrtek, 13. 6. 2013, udele\u017eil \u017ee 5. tekmovanja \u00bbZlata liga Gorenjske 2013\u00ab. Atletsko tekmovanje se je tokrat odvijalo v \u017deleznikih, v organizaciji doma\u010dega atletskega dru\u0161tva.<\/p>\n<p>\u017diga je nastopil v \u00bbsvojih\u00ab dveh \u0161printerskih disciplinah \u2013 tek na 60m in 200m. V teku na 200m je s \u010dasom 32.23s osvojil odli\u010dno prvo mesto, v teku na 60m pa je s \u010dasom 9.32s zasedel drugo mesto. Poudariti je potrebno, da je \u0161portno tekmovanje potekalo v \u010dudovitem, son\u010dnem in nekoliko vro\u010dem vremenu.<\/p>\n<p>Za dose\u017eene rezultate in osvojeni dve medalji \u017digu \u010destitamo!<\/p>\n<p>\u0160portni pozdrav!<\/p>\n<p>AD Bled<\/p>\n","protected":false},"excerpt":{"rendered":"<p>Mladi atlet Atletskega dru\u0161tva Bled &#8211; \u017dan \u017diga Le\u0161njak (U12) se je v \u010detrtek, 13. 6. 2013, udele\u017eil \u017ee 5. tekmovanja \u00bbZlata liga Gorenjske 2013\u00ab. Atletsko tekmovanje se je tokrat odvijalo v \u017deleznikih, v organizaciji doma\u010dega atletskega dru\u0161tva. \u017diga je nastopil v \u00bbsvojih\u00ab dveh \u0161printerskih disciplinah \u2013 tek na 60m in 200m. V teku na [&hellip;]<\/p>\n","protected":false},"author":6,"featured_media":0,"comment_status":"open","ping_status":"closed","sticky":false,"template":"","format":"standard","meta":{"footnotes":""},"categories":[6],"tags":[],"class_list":["post-48","post","type-post","status-publish","format-standard","hentry","category-katrezultatitekmovanj"],"_links":{"self":[{"href":"https:\/\/adbled.si\/index.php?rest_route=\/wp\/v2\/posts\/48","targetHints":{"allow":["GET"]}}],"collection":[{"href":"https:\/\/adbled.si\/index.php?rest_route=\/wp\/v2\/posts"}],"about":[{"href":"https:\/\/adbled.si\/index.php?rest_route=\/wp\/v2\/types\/post"}],"author":[{"embeddable":true,"href":"https:\/\/adbled.si\/index.php?rest_route=\/wp\/v2\/users\/6"}],"replies":[{"embeddable":true,"href":"https:\/\/adbled.si\/index.php?rest_route=%2Fwp%2Fv2%2Fcomments&post=48"}],"version-history":[{"count":1,"href":"https:\/\/adbled.si\/index.php?rest_route=\/wp\/v2\/posts\/48\/revisions"}],"predecessor-version":[{"id":2921,"href":"https:\/\/adbled.si\/index.php?rest_route=\/wp\/v2\/posts\/48\/revisions\/2921"}],"wp:attachment":[{"href":"https:\/\/adbled.si\/index.php?rest_route=%2Fwp%2Fv2%2Fmedia&parent=48"}],"wp:term":[{"taxonomy":"category","embeddable":true,"href":"https:\/\/adbled.si\/index.php?rest_route=%2Fwp%2Fv2%2Fcategories&post=48"},{"taxonomy":"post_tag","embeddable":true,"href":"https:\/\/adbled.si\/index.php?rest_route=%2Fwp%2Fv2%2Ftags&post=48"}],"curies":[{"name":"wp","href":"https:\/\/api.w.org\/{rel}","templated":true}]}}