{"id":47,"date":"2013-06-03T13:46:00","date_gmt":"2013-06-03T11:46:00","guid":{"rendered":"https:\/\/adbled.si\/wp\/?p=47"},"modified":"2023-07-01T12:56:49","modified_gmt":"2023-07-01T10:56:49","slug":"trije-musketirji-ad-bled-odlicni-na-mnogoboju-v-radovljici","status":"publish","type":"post","link":"https:\/\/adbled.si\/?p=47","title":{"rendered":"Trije \u00bbmu\u0161ketirji\u00ab AD Bled odli\u010dni na mnogoboju v Radovljici"},"content":{"rendered":"<p>Atletska sezona 2013 je v polnem razmahu, tekmovanja se vrstijo eno za drugim. Kljub \u00bbnizkim\u00ab temperaturam, pa dvigajo na\u0161o \u00bbtemperaturo\u00ab odli\u010dni rezultati atletov Atletskega dru\u0161tva Bled.<\/p>\n<p>V soboto, 1. 6. 2013, so se trije \u00bbmu\u0161ketirji\u00ab AD Bled (med njimi je tudi dekle) \u2013 Tinkara Piber, Jon \u0160tular in \u017dan \u017diga Le\u0161njak udele\u017eili Prvenstva Slovenije v posami\u010dnem in ekipnem mnogoboju za pionirje in pionirke U14, v organizaciji doma\u010deka atletskega kluba AK Radovljica.<\/p>\n<p>Pionirji \/ pionirke U14 so se pomerili v \u0161tirih disciplinah &#8211; 60m, skok v daljino, met vortexa in tek na 600m. \u017de po prvi disciplini tek na 60m je bilo jasno, da se bodo atleti AD Bled vklju\u010dili v boj za kolajne.<\/p>\n<p>\u0160printersko disciplino je Jon odtekel v \u010dasu 8.35s, \u017ean \u017diga 9.13s, Tinkara pa 9.31s. Nadaljevali so z odli\u010dnimi predstavami v skoku v daljino (Jon \u2013 551cm, \u017dan \u017diga \u2013 381cm, Tinkara \u2013 405cm) in metu vortexa. Za zaklju\u010dek mnogoboja so atleti imeli pred seboj tek na 600m. Odli\u010den tek je uspel Tinkari (1:52,64), Jon je tekel 1:41,22, \u017dan \u017diga pa 2:00,44. Po zaklju\u010dku vseh disciplin v mnogoboju so se dose\u017eeni rezultati spremenili v to\u010dke.<\/p>\n<p>Jon \u0160tular je z dose\u017eenimi 2502 to\u010dkami stopil na stopni\u010dke in zasedel odli\u010dno tretje mesto (za prvim mestom je zaostal le 63 to\u010dk). \u017dan \u017diga je zadel 18. mesto s 1553 to\u010dkami, Tinkara pa je osvojila 22. mesto s 1761 to\u010dkami. Poudariti moramo, da je \u017dan \u017diga nastopal v kategorji U14, kljub temu, da leto\u0161njo sezono nastopa v kategoriji U12 (med vsemi atleti U12 pa je bil najbolj\u0161i).<\/p>\n<p>Ekipa Jon \u2013 \u017dan \u017diga je med pionirji z dose\u017eenimi 4055 to\u010dkami zasedla odli\u010dno \u010detrto mesto (prijavljenih je bilo 11 ekip) in za stopni\u010dkami zaostala le za 229 to\u010dk. Vseekipno je AD Bled zasedelo 6. mesto, kar je pohvale vredno.<\/p>\n<p>Vsem trem atletom \u010destitamo za odli\u010dne nastope in dose\u017eene rezultate!<\/p>\n<p>\u0160portni pozdrav!<\/p>\n<p>AD Bled<\/p>\n","protected":false},"excerpt":{"rendered":"<p>Atletska sezona 2013 je v polnem razmahu, tekmovanja se vrstijo eno za drugim. Kljub \u00bbnizkim\u00ab temperaturam, pa dvigajo na\u0161o \u00bbtemperaturo\u00ab odli\u010dni rezultati atletov Atletskega dru\u0161tva Bled. V soboto, 1. 6. 2013, so se trije \u00bbmu\u0161ketirji\u00ab AD Bled (med njimi je tudi dekle) \u2013 Tinkara Piber, Jon \u0160tular in \u017dan \u017diga Le\u0161njak udele\u017eili Prvenstva Slovenije v [&hellip;]<\/p>\n","protected":false},"author":6,"featured_media":2923,"comment_status":"open","ping_status":"closed","sticky":false,"template":"","format":"standard","meta":{"footnotes":""},"categories":[6],"tags":[],"class_list":["post-47","post","type-post","status-publish","format-standard","has-post-thumbnail","hentry","category-katrezultatitekmovanj"],"_links":{"self":[{"href":"https:\/\/adbled.si\/index.php?rest_route=\/wp\/v2\/posts\/47","targetHints":{"allow":["GET"]}}],"collection":[{"href":"https:\/\/adbled.si\/index.php?rest_route=\/wp\/v2\/posts"}],"about":[{"href":"https:\/\/adbled.si\/index.php?rest_route=\/wp\/v2\/types\/post"}],"author":[{"embeddable":true,"href":"https:\/\/adbled.si\/index.php?rest_route=\/wp\/v2\/users\/6"}],"replies":[{"embeddable":true,"href":"https:\/\/adbled.si\/index.php?rest_route=%2Fwp%2Fv2%2Fcomments&post=47"}],"version-history":[{"count":1,"href":"https:\/\/adbled.si\/index.php?rest_route=\/wp\/v2\/posts\/47\/revisions"}],"predecessor-version":[{"id":2924,"href":"https:\/\/adbled.si\/index.php?rest_route=\/wp\/v2\/posts\/47\/revisions\/2924"}],"wp:featuredmedia":[{"embeddable":true,"href":"https:\/\/adbled.si\/index.php?rest_route=\/wp\/v2\/media\/2923"}],"wp:attachment":[{"href":"https:\/\/adbled.si\/index.php?rest_route=%2Fwp%2Fv2%2Fmedia&parent=47"}],"wp:term":[{"taxonomy":"category","embeddable":true,"href":"https:\/\/adbled.si\/index.php?rest_route=%2Fwp%2Fv2%2Fcategories&post=47"},{"taxonomy":"post_tag","embeddable":true,"href":"https:\/\/adbled.si\/index.php?rest_route=%2Fwp%2Fv2%2Ftags&post=47"}],"curies":[{"name":"wp","href":"https:\/\/api.w.org\/{rel}","templated":true}]}}