{"id":43,"date":"2013-05-19T23:07:49","date_gmt":"2013-05-19T21:07:49","guid":{"rendered":"https:\/\/adbled.si\/wp\/?p=43"},"modified":"2023-07-01T13:00:23","modified_gmt":"2023-07-01T11:00:23","slug":"19-mednarodni-atletski-miting-mladih-memorial-vucko-v-kranju","status":"publish","type":"post","link":"https:\/\/adbled.si\/?p=43","title":{"rendered":"19. Mednarodni atletski miting mladih \u2013 memorial VU\u010cKO v Kranju"},"content":{"rendered":"<p>Atletinje in atleti ATLETSKEGA DRU\u0160TVA BLED so se v soboto, 18. 5. 2013, udele\u017eili tradicionalnega, letos \u017ee 19. Mednarodnega atletskega mitinga mladih \u2013 memorial Vu\u010dko. Tradicionalni mednarodni miting je potekal na kranjskem \u0161tadionu,v organizaciji AK Triglav Kranj.<\/p>\n<p>Mednarodni miting je potekal v lepem, son\u010dnem vremenu, idealnem za doseganje odli\u010dnih rezultatov. Tako kot vedno se je mitinga udele\u017eilo veliko \u0161tevilo atletov z \u00bbblejskega konca\u00ab, pri tem pa dosegli zelo dobre rezultate. Naj omenimo tri stopni\u010dke, za kar sta zaslu\u017ena mlaj\u0161a mladinka Pristavec Maja in pionir U14 \u0160tular Jon.<\/p>\n<p>Rezultati \u2013 dose\u017eki na\u0161ih atletov:<br \/>\n&#8211; \u0160tular Jon, U14 \u2013 2. mesto 60m (8.30s), 3. mesto daljina (5.02m),<br \/>\n&#8211; Pristavec Maja, mlaj\u0161a mladinka \u2013 2. mesto daljina (5.05m), 4. mesto 100m (13.42s), 4. mesto krogla-3,<\/p>\n<p>&#8211; Crnovi\u010d Nina, U-10 \u2013 6. mesto 60m (10.11s), 6. mesto daljina (3.24m),<br \/>\n&#8211; Nu\u010di\u010d Mitja, \u010dlani \u2013 8. mesto 100m (11.38s), 9. mesto 200m (23.45s),<br \/>\n&#8211; Le\u0161njak \u017dan \u017diga, U12 \u2013 8. mesto 200m (31.18s), 11. mesto 60m (9.35s),<br \/>\n&#8211; Le\u0161njak Ur\u0161a, U-16 \u2013 10. mesto daljina,<br \/>\n&#8211; Slamnik Sara, U12 \u2013 12. mesto 60m (9.38s), 13. mesto 200m (31.80s),<br \/>\n&#8211; Dobravec Katarina, U-16, 19. mesto daljina,<\/p>\n<p>Nastopile so tudi Pristavec Nika, U-16, v teku na 300m, Piber Tinkara, U14, v teku na 60m in 300m, in Piber Karlina, U-12, v teku na 60m in 200m.<\/p>\n<p>Vsem atletinjam in atletom AD Bled \u010destitamo za dose\u017eene rezultate. Vsi atletski rezultati so objavljeni na internetni strani Atletske zveze Slovenije.<\/p>\n<p>Na mednarodnem mitingu pa je imelo AD Bled tudi predstavnika med \u00bbdelilci pravice\u00ab, atletskega sodnika Le\u0161njak Jureta. Tokrat je bil v vlogi vodje sodnikov, zadol\u017eenih za tehni\u010dne discipline \u2013 meti (krogla, disk, vortex).<\/p>\n<p>\u0160portni pozdrav!<\/p>\n<p>AD Bled<\/p>\n","protected":false},"excerpt":{"rendered":"<p>Atletinje in atleti ATLETSKEGA DRU\u0160TVA BLED so se v soboto, 18. 5. 2013, udele\u017eili tradicionalnega, letos \u017ee 19. Mednarodnega atletskega mitinga mladih \u2013 memorial Vu\u010dko. Tradicionalni mednarodni miting je potekal na kranjskem \u0161tadionu,v organizaciji AK Triglav Kranj. Mednarodni miting je potekal v lepem, son\u010dnem vremenu, idealnem za doseganje odli\u010dnih rezultatov. Tako kot vedno se je [&hellip;]<\/p>\n","protected":false},"author":6,"featured_media":0,"comment_status":"open","ping_status":"closed","sticky":false,"template":"","format":"standard","meta":{"footnotes":""},"categories":[6],"tags":[],"class_list":["post-43","post","type-post","status-publish","format-standard","hentry","category-katrezultatitekmovanj"],"_links":{"self":[{"href":"https:\/\/adbled.si\/index.php?rest_route=\/wp\/v2\/posts\/43","targetHints":{"allow":["GET"]}}],"collection":[{"href":"https:\/\/adbled.si\/index.php?rest_route=\/wp\/v2\/posts"}],"about":[{"href":"https:\/\/adbled.si\/index.php?rest_route=\/wp\/v2\/types\/post"}],"author":[{"embeddable":true,"href":"https:\/\/adbled.si\/index.php?rest_route=\/wp\/v2\/users\/6"}],"replies":[{"embeddable":true,"href":"https:\/\/adbled.si\/index.php?rest_route=%2Fwp%2Fv2%2Fcomments&post=43"}],"version-history":[{"count":1,"href":"https:\/\/adbled.si\/index.php?rest_route=\/wp\/v2\/posts\/43\/revisions"}],"predecessor-version":[{"id":2928,"href":"https:\/\/adbled.si\/index.php?rest_route=\/wp\/v2\/posts\/43\/revisions\/2928"}],"wp:attachment":[{"href":"https:\/\/adbled.si\/index.php?rest_route=%2Fwp%2Fv2%2Fmedia&parent=43"}],"wp:term":[{"taxonomy":"category","embeddable":true,"href":"https:\/\/adbled.si\/index.php?rest_route=%2Fwp%2Fv2%2Fcategories&post=43"},{"taxonomy":"post_tag","embeddable":true,"href":"https:\/\/adbled.si\/index.php?rest_route=%2Fwp%2Fv2%2Ftags&post=43"}],"curies":[{"name":"wp","href":"https:\/\/api.w.org\/{rel}","templated":true}]}}