{"id":314,"date":"2022-08-25T21:49:49","date_gmt":"2022-08-25T19:49:49","guid":{"rendered":"https:\/\/adbled.si\/wp\/?p=314"},"modified":"2023-06-27T11:02:58","modified_gmt":"2023-06-27T09:02:58","slug":"atletski-miting-zvezde-prihodnosti-2022","status":"publish","type":"post","link":"https:\/\/adbled.si\/?p=314","title":{"rendered":"ATLETSKI MITING Zvezde prihodnosti 2022"},"content":{"rendered":"<p style=\"text-align: justify;\">Konec avgusta je rezerviran termin za atletski miting na Bledu. Natan\u010dneje 21. 8. 2022 se je v lepem in toplem vremenu odvilo mednarodno atletsko tekmovanje za vse starostne skupine. To atletsko sre\u010danje je poznano po lepi okolici, prijaznem sprejemu in spro\u0161\u010deni organizaciji doma\u010dega dru\u0161tva AD.BLED. Bistvo vsega je dru\u017eenje, prikaz atletike na Bledu in na koncu malce adrenalina in po\u0161teno tekmovanje. Mladi atleti blejske atletike so si ponovno pritekli, priskakali kar nekaj odli\u010dij tako, da si zaslu\u017eijo pohvalo, kakor tudi dru\u0161tvo katerega zastopajo skupaj z sodni\u0161kim atletskim zborom.<\/p>\n<p>Vsi rezultati so na straneh AZS.<\/p>\n<p>Vse iskrene \u010destitke .\u00a0<\/p>\n<p><a href=\"https:\/\/photos.app.goo.gl\/bkWmUkr731F138fA8\" target=\"_blank\" rel=\"noopener\"><img decoding=\"async\" src=\"images\/PDF\/zp2022.png\" alt=\"\" \/><\/a><\/p>\n<p><span style=\"background-color: #00ff00;\"><a style=\"background-color: #00ff00;\" href=\"images\/PDF\/tartna_lista_Bled2022.pdf\" target=\"_self\" rel=\"noopener\">\u0160tartna lista<\/a><span style=\"background-color: #ffffff;\">\u00a0 \u00a0 \u00a0 \u00a0 \u00a0<a style=\"color: #005e8d; font-family: 'Helvetica Neue', Helvetica, Arial, sans-serif; font-size: 16px; background-color: #ffffff;\" href=\"images\/PDF\/Rezultati_Bled2022.pdf\" target=\"_self\" rel=\"noopener\"><span style=\"background-color: #ff0000; color: #ffffff;\">\u00a0Rezultati<\/span><\/a>\u00a0 \u00a0 <span style=\"background-color: #000000; color: #ffffff;\">\u00a0<a style=\"background-color: #000000; color: #ffffff;\" href=\"https:\/\/photos.app.goo.gl\/bkWmUkr731F138fA8\" target=\"_blank\" rel=\"noopener\">FOTO<\/a><\/span><\/span><\/span><\/p>\n\n\n<p><\/p>\n","protected":false},"excerpt":{"rendered":"<p>Konec avgusta je rezerviran termin za atletski miting na Bledu. Natan\u010dneje 21. 8. 2022 se je v lepem in toplem vremenu odvilo mednarodno atletsko tekmovanje za vse starostne skupine. To atletsko sre\u010danje je poznano po lepi okolici, prijaznem sprejemu in spro\u0161\u010deni organizaciji doma\u010dega dru\u0161tva AD.BLED. Bistvo vsega je dru\u017eenje, prikaz atletike na Bledu in na [&hellip;]<\/p>\n","protected":false},"author":6,"featured_media":392,"comment_status":"open","ping_status":"closed","sticky":false,"template":"","format":"standard","meta":{"footnotes":""},"categories":[6],"tags":[],"class_list":["post-314","post","type-post","status-publish","format-standard","has-post-thumbnail","hentry","category-katrezultatitekmovanj"],"_links":{"self":[{"href":"https:\/\/adbled.si\/index.php?rest_route=\/wp\/v2\/posts\/314","targetHints":{"allow":["GET"]}}],"collection":[{"href":"https:\/\/adbled.si\/index.php?rest_route=\/wp\/v2\/posts"}],"about":[{"href":"https:\/\/adbled.si\/index.php?rest_route=\/wp\/v2\/types\/post"}],"author":[{"embeddable":true,"href":"https:\/\/adbled.si\/index.php?rest_route=\/wp\/v2\/users\/6"}],"replies":[{"embeddable":true,"href":"https:\/\/adbled.si\/index.php?rest_route=%2Fwp%2Fv2%2Fcomments&post=314"}],"version-history":[{"count":3,"href":"https:\/\/adbled.si\/index.php?rest_route=\/wp\/v2\/posts\/314\/revisions"}],"predecessor-version":[{"id":395,"href":"https:\/\/adbled.si\/index.php?rest_route=\/wp\/v2\/posts\/314\/revisions\/395"}],"wp:featuredmedia":[{"embeddable":true,"href":"https:\/\/adbled.si\/index.php?rest_route=\/wp\/v2\/media\/392"}],"wp:attachment":[{"href":"https:\/\/adbled.si\/index.php?rest_route=%2Fwp%2Fv2%2Fmedia&parent=314"}],"wp:term":[{"taxonomy":"category","embeddable":true,"href":"https:\/\/adbled.si\/index.php?rest_route=%2Fwp%2Fv2%2Fcategories&post=314"},{"taxonomy":"post_tag","embeddable":true,"href":"https:\/\/adbled.si\/index.php?rest_route=%2Fwp%2Fv2%2Ftags&post=314"}],"curies":[{"name":"wp","href":"https:\/\/api.w.org\/{rel}","templated":true}]}}