{"id":288,"date":"2021-06-03T07:20:21","date_gmt":"2021-06-03T05:20:21","guid":{"rendered":"https:\/\/adbled.si\/wp\/?p=288"},"modified":"2023-06-27T13:34:06","modified_gmt":"2023-06-27T11:34:06","slug":"obicajen-trening-v-sportnem-parku-bledec","status":"publish","type":"post","link":"https:\/\/adbled.si\/?p=288","title":{"rendered":"Obi\u010dajen dan v \u0161portnem parku Bledec"},"content":{"rendered":"\n<p>Po vseh zapletih z \u017ee dobro znanim virusom ,&nbsp; poteka vadba in trening Ad.Bled nemoteno oziroma zaradi prihajajo\u010dih tekmovanj so mladi atleti zagnani tako, da je teka\u0161ka steza vsak dan mo\u010dno zasedena in izkori\u0161\u010dena. Slu\u017ei nam tudi vreme, kar se vklju\u010duje v popolno vadbo. V ponedeljek, sredo in petek je se posebno \u017eivahno in lepo je videti \u0161portnem parku gne\u010do mladih&nbsp; ljudi.<\/p>\n\n\n\n<p>Torej vabljeni vsi, da se nam pridru\u017eite ne glede na starost. Omejitev ni.<\/p>\n\n\n\n<p><\/p>\n\n\n\n<figure class=\"wp-block-image size-large\"><a href=\"https:\/\/photos.app.goo.gl\/YvYTxmW39Hf2wK6KA\"><img loading=\"lazy\" decoding=\"async\" width=\"1024\" height=\"393\" src=\"https:\/\/adbled.si\/wp\/wp-content\/uploads\/2021\/06\/IMG_20210603_073243-1024x393.jpg\" alt=\"\" class=\"wp-image-460\" srcset=\"https:\/\/adbled.si\/wp-content\/uploads\/2021\/06\/IMG_20210603_073243-1024x393.jpg 1024w, https:\/\/adbled.si\/wp-content\/uploads\/2021\/06\/IMG_20210603_073243-300x115.jpg 300w, https:\/\/adbled.si\/wp-content\/uploads\/2021\/06\/IMG_20210603_073243-768x295.jpg 768w, https:\/\/adbled.si\/wp-content\/uploads\/2021\/06\/IMG_20210603_073243-1536x589.jpg 1536w, https:\/\/adbled.si\/wp-content\/uploads\/2021\/06\/IMG_20210603_073243.jpg 1736w\" sizes=\"auto, (max-width: 1024px) 100vw, 1024px\" \/><\/a><\/figure>\n","protected":false},"excerpt":{"rendered":"<p>Po vseh zapletih z \u017ee dobro znanim virusom ,&nbsp; poteka vadba in trening Ad.Bled nemoteno oziroma zaradi prihajajo\u010dih tekmovanj so mladi atleti zagnani tako, da je teka\u0161ka steza vsak dan mo\u010dno zasedena in izkori\u0161\u010dena. Slu\u017ei nam tudi vreme, kar se vklju\u010duje v popolno vadbo. V ponedeljek, sredo in petek je se posebno \u017eivahno in lepo [&hellip;]<\/p>\n","protected":false},"author":6,"featured_media":460,"comment_status":"open","ping_status":"closed","sticky":false,"template":"","format":"standard","meta":{"footnotes":""},"categories":[7],"tags":[],"class_list":["post-288","post","type-post","status-publish","format-standard","has-post-thumbnail","hentry","category-ostalo"],"_links":{"self":[{"href":"https:\/\/adbled.si\/index.php?rest_route=\/wp\/v2\/posts\/288","targetHints":{"allow":["GET"]}}],"collection":[{"href":"https:\/\/adbled.si\/index.php?rest_route=\/wp\/v2\/posts"}],"about":[{"href":"https:\/\/adbled.si\/index.php?rest_route=\/wp\/v2\/types\/post"}],"author":[{"embeddable":true,"href":"https:\/\/adbled.si\/index.php?rest_route=\/wp\/v2\/users\/6"}],"replies":[{"embeddable":true,"href":"https:\/\/adbled.si\/index.php?rest_route=%2Fwp%2Fv2%2Fcomments&post=288"}],"version-history":[{"count":2,"href":"https:\/\/adbled.si\/index.php?rest_route=\/wp\/v2\/posts\/288\/revisions"}],"predecessor-version":[{"id":463,"href":"https:\/\/adbled.si\/index.php?rest_route=\/wp\/v2\/posts\/288\/revisions\/463"}],"wp:featuredmedia":[{"embeddable":true,"href":"https:\/\/adbled.si\/index.php?rest_route=\/wp\/v2\/media\/460"}],"wp:attachment":[{"href":"https:\/\/adbled.si\/index.php?rest_route=%2Fwp%2Fv2%2Fmedia&parent=288"}],"wp:term":[{"taxonomy":"category","embeddable":true,"href":"https:\/\/adbled.si\/index.php?rest_route=%2Fwp%2Fv2%2Fcategories&post=288"},{"taxonomy":"post_tag","embeddable":true,"href":"https:\/\/adbled.si\/index.php?rest_route=%2Fwp%2Fv2%2Ftags&post=288"}],"curies":[{"name":"wp","href":"https:\/\/api.w.org\/{rel}","templated":true}]}}