{"id":19,"date":"2012-12-12T20:21:19","date_gmt":"2012-12-12T19:21:19","guid":{"rendered":"https:\/\/adbled.si\/wp\/?p=19"},"modified":"2012-12-12T20:21:19","modified_gmt":"2012-12-12T19:21:19","slug":"ziga-na-4-tekmi-v-hitri-hoji-junior-aa-race-walking-v-zagrebu","status":"publish","type":"post","link":"https:\/\/adbled.si\/?p=19","title":{"rendered":"\u017diga na 4. tekmi v hitri hoji &#8220;Junior AA Race Walking&#8221; v Zagrebu"},"content":{"rendered":"<h4>\u017diga na 4. tekmi v hitri hoji &#8220;Junior AA Race Walking&#8221; v Zagrebu<\/h4>\n<p>&nbsp;<\/p>\n<p>Mladi atlet ATLETSKEGA DRU\u0160TVA BLED, \u017dan \u017diga Le\u0161njak &#8211; U12, se je v soboto, 10. 11 . 2012, udele\u017eil \u017ee 4. tekme v hitri hoji (po Se\u017eani, Pernitzu, Gorici) v okviru mednarodnega tekmovanja &#8220;Junior Alpe Adria Race Walking Cup 2012&#8221;. \u010cetrta tekma v hitri hoji na 1000m se je izvedla v Zagrebu, na kro\u017eni stezi na Jarunu. Tekmovanje je bilo izvedeno v okviru pol-maratona 6. Ivan Starek Zagreb.<\/p>\n<p>V mednarodni konkurenci je \u017diga 1 km prehodil s \u010dasom 5.47 min ter zasedel odli\u010dno tretje mesto. V skupni razvrstitvi \u017diga zaseda tretje mesto, le \u0161tiri to\u010dke za najbolj\u0161im atletom &#8211; hitrohodcem iz Italije. Poleg tekmovalnega duha je bilo lepo videti tudi \u0161portno sodelovanje, saj je \u017diga z odli\u010dnim tempom pomagal ter &#8220;povlekel&#8221; atletinjo Cah Klaro, AK Koper, do novega osebnega rekorda.<\/p>\n<p>Za odli\u010den nastop in dose\u017een nov rekord \u017digu \u010destitamo.<\/p>\n<p>Mednarodnega tekmovanja Alpe Adria Junior v hitri hoji na najmlaj\u0161e v leto\u0161njem letu \u0161e ni konec, saj atlete \u010daka \u0161e ena tekma v Kopru, 15. 12. 2012.<\/p>\n<p>\u0160portni pozdrav!<\/p>\n<p> AD Bled<\/p>\n","protected":false},"excerpt":{"rendered":"<p>\u017diga na 4. tekmi v hitri hoji &#8220;Junior AA Race Walking&#8221; v Zagrebu &nbsp; Mladi atlet ATLETSKEGA DRU\u0160TVA BLED, \u017dan \u017diga Le\u0161njak &#8211; U12, se je v soboto, 10. 11 . 2012, udele\u017eil \u017ee 4. tekme v hitri hoji (po Se\u017eani, Pernitzu, Gorici) v okviru mednarodnega tekmovanja &#8220;Junior Alpe Adria Race Walking Cup 2012&#8221;. \u010cetrta [&hellip;]<\/p>\n","protected":false},"author":6,"featured_media":0,"comment_status":"open","ping_status":"closed","sticky":false,"template":"","format":"standard","meta":{"footnotes":""},"categories":[6],"tags":[],"class_list":["post-19","post","type-post","status-publish","format-standard","hentry","category-katrezultatitekmovanj"],"_links":{"self":[{"href":"https:\/\/adbled.si\/index.php?rest_route=\/wp\/v2\/posts\/19","targetHints":{"allow":["GET"]}}],"collection":[{"href":"https:\/\/adbled.si\/index.php?rest_route=\/wp\/v2\/posts"}],"about":[{"href":"https:\/\/adbled.si\/index.php?rest_route=\/wp\/v2\/types\/post"}],"author":[{"embeddable":true,"href":"https:\/\/adbled.si\/index.php?rest_route=\/wp\/v2\/users\/6"}],"replies":[{"embeddable":true,"href":"https:\/\/adbled.si\/index.php?rest_route=%2Fwp%2Fv2%2Fcomments&post=19"}],"version-history":[{"count":0,"href":"https:\/\/adbled.si\/index.php?rest_route=\/wp\/v2\/posts\/19\/revisions"}],"wp:attachment":[{"href":"https:\/\/adbled.si\/index.php?rest_route=%2Fwp%2Fv2%2Fmedia&parent=19"}],"wp:term":[{"taxonomy":"category","embeddable":true,"href":"https:\/\/adbled.si\/index.php?rest_route=%2Fwp%2Fv2%2Fcategories&post=19"},{"taxonomy":"post_tag","embeddable":true,"href":"https:\/\/adbled.si\/index.php?rest_route=%2Fwp%2Fv2%2Ftags&post=19"}],"curies":[{"name":"wp","href":"https:\/\/api.w.org\/{rel}","templated":true}]}}