{"id":11,"date":"2012-08-08T18:20:00","date_gmt":"2012-08-08T16:20:00","guid":{"rendered":"https:\/\/adbled.si\/wp\/?p=11"},"modified":"2023-07-02T10:48:22","modified_gmt":"2023-07-02T08:48:22","slug":"rezultatitek4","status":"publish","type":"post","link":"https:\/\/adbled.si\/?p=11","title":{"rendered":"Zaklju\u010dek ZLG 2012 &#8211; 6. tekma v Kranju"},"content":{"rendered":"<h4><strong>Zaklju\u010dek ZLG 2012 &#8211; 6. tekma v Kranju<\/strong><\/h4>\n<p>Atletinje in atleti ATLETSKEGA DRU\u0160TVA BLED so se v \u010detrtek, 20. 9. 2012, udele\u017eili atletskega tekmovanja &#8220;Zlata liga Gorenjske 2012&#8221;, v organizaciji AK Triglav Kranj. 6. tekma v \u0161portnem parku v Kranju je bila hkrati tudi zadnja v leto\u0161njem letu.<\/p>\n<p>11 predstavnikov AD Bled je osvojilo \u0161est medalj, med temi \u0161tiri zlate (dve dvojni zmagi). Uvrstitve so bile slede\u010de:<\/p>\n<p>&#8211; Gradnik Katarina &#8211; 1. mesto 60m, 1. mesto daljina,<br \/>\n&#8211; \u0160tular Jon &#8211; 1. mesto 60m, 1. mesto 200m,<br \/>\n&#8211; Le\u0161njak \u017dan \u017diga &#8211; 2. mesto 60m, 2. mesto 200m,<br \/>\n&#8211; Urh Nanja &#8211; 4. mesto daljina, 5. mesto 60m,<br \/>\n&#8211; Sili\u010d Matic &#8211; 4. mesto 60m, 5. mesto daljina,<br \/>\n&#8211; Heberle Eva &#8211; 5. mesto 60m, 5. mesto 200m,<br \/>\n&#8211; Piber Karlina &#8211; 5. mesto 200m, 6. mesto 60m,<br \/>\n&#8211; Heberle Nik &#8211; 7. mesto 60m, 7. mesto daljina,<br \/>\n&#8211; Urh Nika &#8211; 7. mesto daljina, 9. mesto 60m,<br \/>\n&#8211; Crnkovi\u010d Nina &#8211; 7. mesto 60m, 12. mesto daljina,<br \/>\n&#8211; Slamnik Sara &#8211; 7. mesto 200m, 12. mesto 60m.<\/p>\n<p>Za odli\u010dne nastope vsem atletom AD Bled \u010destitamo in jim \u017eelimo \u0161e veliko \u0161portnih uspehov!!<br \/>\nVse atletinje in atlete vljudno vabimo, da se udele\u017eijo tudi tekmovanja v oktobru &#8211; &#8220;6. tekma Zvezde prihodnosti 2012&#8221; in sicer v soboto, 13. 10. 2012.<\/p>\n<p>Atletsko tekmovanje &#8220;Zlata liga Gorenjske 2012&#8221; se je tako kon\u010dalo, sedaj pa nestrpno pri\u010dakujemo skupne rezultate.<\/p>\n<p>AK Triglav Kranj \u010destitamo za odli\u010dno izvedeno otro\u0161ko tekmovanje na Gorenjskem. Moramo pa poudariti, da so \u017ee potekali razgovori s pristojnimi v AK Triglav Kranj, da v prihodnjem letu 2013 eno tekmovanje ZLG pripeljemo tudi v \u0160portni park Bledec na Bledu.<\/p>\n<p>\u0160portni pozdrav!<\/p>\n<p>AD Bled<\/p>\n","protected":false},"excerpt":{"rendered":"<p>Zaklju\u010dek ZLG 2012 &#8211; 6. tekma v Kranju Atletinje in atleti ATLETSKEGA DRU\u0160TVA BLED so se v \u010detrtek, 20. 9. 2012, udele\u017eili atletskega tekmovanja &#8220;Zlata liga Gorenjske 2012&#8221;, v organizaciji AK Triglav Kranj. 6. tekma v \u0161portnem parku v Kranju je bila hkrati tudi zadnja v leto\u0161njem letu. 11 predstavnikov AD Bled je osvojilo \u0161est [&hellip;]<\/p>\n","protected":false},"author":6,"featured_media":0,"comment_status":"open","ping_status":"closed","sticky":false,"template":"","format":"standard","meta":{"footnotes":""},"categories":[6],"tags":[],"class_list":["post-11","post","type-post","status-publish","format-standard","hentry","category-katrezultatitekmovanj"],"_links":{"self":[{"href":"https:\/\/adbled.si\/index.php?rest_route=\/wp\/v2\/posts\/11","targetHints":{"allow":["GET"]}}],"collection":[{"href":"https:\/\/adbled.si\/index.php?rest_route=\/wp\/v2\/posts"}],"about":[{"href":"https:\/\/adbled.si\/index.php?rest_route=\/wp\/v2\/types\/post"}],"author":[{"embeddable":true,"href":"https:\/\/adbled.si\/index.php?rest_route=\/wp\/v2\/users\/6"}],"replies":[{"embeddable":true,"href":"https:\/\/adbled.si\/index.php?rest_route=%2Fwp%2Fv2%2Fcomments&post=11"}],"version-history":[{"count":1,"href":"https:\/\/adbled.si\/index.php?rest_route=\/wp\/v2\/posts\/11\/revisions"}],"predecessor-version":[{"id":3529,"href":"https:\/\/adbled.si\/index.php?rest_route=\/wp\/v2\/posts\/11\/revisions\/3529"}],"wp:attachment":[{"href":"https:\/\/adbled.si\/index.php?rest_route=%2Fwp%2Fv2%2Fmedia&parent=11"}],"wp:term":[{"taxonomy":"category","embeddable":true,"href":"https:\/\/adbled.si\/index.php?rest_route=%2Fwp%2Fv2%2Fcategories&post=11"},{"taxonomy":"post_tag","embeddable":true,"href":"https:\/\/adbled.si\/index.php?rest_route=%2Fwp%2Fv2%2Ftags&post=11"}],"curies":[{"name":"wp","href":"https:\/\/api.w.org\/{rel}","templated":true}]}}